{"id":1267,"date":"2025-10-06T15:17:09","date_gmt":"2025-10-06T13:17:09","guid":{"rendered":"https:\/\/fcpe-college-sabineweiss.le-pic.org\/?p=1267"},"modified":"2025-10-06T15:17:10","modified_gmt":"2025-10-06T13:17:10","slug":"chers-parents","status":"publish","type":"post","link":"https:\/\/fcpe-college-sabineweiss.le-pic.org\/index.php\/2025\/10\/06\/chers-parents\/","title":{"rendered":"Chers parents,"},"content":{"rendered":"\n<p>Les \u00e9lections des repr\u00e9sentants des parents d\u2019\u00e9l\u00e8ves auront lieu&nbsp;<strong>jusqu\u2019au vendredi 10 octobre 2025 au Coll\u00e8ge<\/strong>.<\/p>\n\n\n\n<p>Nous comptons sur votre participation \u00e0 tous !<\/p>\n\n\n\n<p>&#8211;&nbsp;<strong><u><em>Pourquoi et pour qui voter ?<\/em><\/u><\/strong><\/p>\n\n\n\n<p><strong>Pour \u00e9lire les repr\u00e9sentants des parents d\u2019\u00e9l\u00e8ves<\/strong>&nbsp;qui, tout le long de l\u2019ann\u00e9e, auront pour r\u00f4le de vous informer, de vous accompagner, de vous repr\u00e9senter aux conseils d\u2019administration et aux diverses commissions, de se mobiliser et d\u2019agir au niveau de la vie du coll\u00e8ge.<\/p>\n\n\n\n<p>Nous vous rappelons qu\u2019<strong>il est tr\u00e8s important de voter&nbsp;<\/strong>m\u00eame s\u2019il n\u2019y a qu\u2019une seule liste pour vous repr\u00e9senter.<\/p>\n\n\n\n<p>En effet, plus la participation au vote est importante, plus grande sera la l\u00e9gitimit\u00e9 et le poids des parents \u00e9lus aussi bien au sein du coll\u00e8ge qu\u2019aupr\u00e8s des instances externes au coll\u00e8ge (Conseil D\u00e9partemental, Rectorat\u2026).<\/p>\n\n\n\n<p>Par ailleurs,&nbsp;<strong>plus vous \u00eates nombreux \u00e0 voter, plus les repr\u00e9sentants des parents d\u2019\u00e9l\u00e8ves se sentiront soutenus dans les actions men\u00e9es pour vous et vos enfants<\/strong>.<\/p>\n\n\n\n<p>&#8211;&nbsp;<strong><u><em>Comment voter ?<\/em><\/u><\/strong><\/p>\n\n\n\n<p><strong>Vous avez d\u00e9j\u00e0 re\u00e7u le mat\u00e9riel de vote dans le sac \/ cahier de correspondance de votre enfant.<\/strong><\/p>\n\n\n\n<p>Ce mat\u00e9riel de vote comprend,&nbsp;<em>pour chaque parent<\/em>&nbsp;:<\/p>\n\n\n\n<ul class=\"wp-block-list\">\n<li>un bulletin de vote<\/li>\n\n\n\n<li>une enveloppe bleue<\/li>\n\n\n\n<li>une enveloppe blanche<\/li>\n\n\n\n<li>une enveloppe marron<\/li>\n\n\n\n<li>une feuille explicative du coll\u00e8ge<\/li>\n\n\n\n<li>une feuille du rectorat<\/li>\n\n\n\n<li>notre profession de foi<\/li>\n<\/ul>\n\n\n\n<p>Au sein d\u2019une famille, chaque parent ou repr\u00e9sentant l\u00e9gal vote une fois, m\u00eame si plusieurs enfants sont scolaris\u00e9s au Coll\u00e8ge Sabine Weiss (ex Guilhermy).<\/p>\n\n\n\n<p>Chacun des deux parents peut voter et il n&rsquo;est pas n\u00e9cessaire d&rsquo;avoir la nationalit\u00e9 fran\u00e7aise.<\/p>\n\n\n\n<p><strong>Vous devez voter pour la liste enti\u00e8re<\/strong>, c\u2019est-\u00e0-dire pour les 12 parents dont le nom est \u00e9crit sur le bulletin de vote.<\/p>\n\n\n\n<p>Nous vous rappelons qu\u2019<strong>il ne faut rien \u00e9crire sur le bulletin de vote que vous mettez dans l\u2019enveloppe&nbsp;<\/strong>(<strong>aucune rature, aucune \u00e9criture, ne rien entourer<\/strong>) sinon celui-ci sera alors comptabilis\u00e9 comme nul.<\/p>\n\n\n\n<p>&#8211;&nbsp;<strong><u><em>O\u00f9 voter ?<\/em><\/u><\/strong><\/p>\n\n\n\n<p>Le vote se fait&nbsp;<strong>uniquement par correspondance<\/strong>.<\/p>\n\n\n\n<p><em>&#8211;&nbsp;<\/em><strong><u><em>Quand voter ?<\/em><\/u><\/strong><\/p>\n\n\n\n<p>Vous avez&nbsp;<strong>jusqu\u2019au vendredi 10 octobre 12h<\/strong>&nbsp;pour que votre enfant&nbsp;<strong>ram\u00e8ne l\u2019enveloppe et la d\u00e9pose&nbsp;<\/strong>\u00e0 l\u2019entr\u00e9e du coll\u00e8ge (une bo\u00eete est pr\u00e9vue \u00e0 cet effet \u00e0 l\u2019accueil).<\/p>\n\n\n\n<p>***<\/p>\n\n\n\n<p>Soyez acteurs de l\u2019\u00e9ducation de vos enfants, vous pouvez voter jusqu\u2019au vendredi 10 octobre \u00e0 12h !<\/p>\n\n\n\n<p><\/p>\n","protected":false},"excerpt":{"rendered":"<p>Les \u00e9lections des repr\u00e9sentants des parents d\u2019\u00e9l\u00e8ves auront lieu&nbsp;jusqu\u2019au vendredi 10 octobre 2025 au Coll\u00e8ge. Nous comptons sur votre participation \u00e0 tous ! &#8211;&nbsp;Pourquoi et pour qui voter ? Pour \u00e9lire les repr\u00e9sentants des parents d\u2019\u00e9l\u00e8ves&nbsp;qui, tout le long de l\u2019ann\u00e9e, auront pour r\u00f4le de vous informer, de vous accompagner, de vous repr\u00e9senter aux conseils [&hellip;]<\/p>\n","protected":false},"author":6,"featured_media":1269,"comment_status":"open","ping_status":"open","sticky":false,"template":"","format":"standard","meta":{"footnotes":""},"categories":[1],"tags":[],"class_list":["post-1267","post","type-post","status-publish","format-standard","has-post-thumbnail","hentry","category-non-classe"],"yoast_head":"<!-- This site is optimized with the Yoast SEO plugin v27.4 - https:\/\/yoast.com\/product\/yoast-seo-wordpress\/ -->\n<title>Chers parents, - FCPE Coll\u00e8ge Sabine Weiss Toulouse<\/title>\n<meta name=\"robots\" content=\"index, follow, max-snippet:-1, max-image-preview:large, max-video-preview:-1\" \/>\n<link rel=\"canonical\" href=\"https:\/\/fcpe-college-sabineweiss.le-pic.org\/index.php\/2025\/10\/06\/chers-parents\/\" \/>\n<meta property=\"og:locale\" content=\"fr_FR\" \/>\n<meta property=\"og:type\" content=\"article\" \/>\n<meta property=\"og:title\" content=\"Chers parents, - FCPE Coll\u00e8ge Sabine Weiss Toulouse\" \/>\n<meta property=\"og:description\" content=\"Les \u00e9lections des repr\u00e9sentants des parents d\u2019\u00e9l\u00e8ves auront lieu&nbsp;jusqu\u2019au vendredi 10 octobre 2025 au Coll\u00e8ge. Nous comptons sur votre participation \u00e0 tous ! &#8211;&nbsp;Pourquoi et pour qui voter ? Pour \u00e9lire les repr\u00e9sentants des parents d\u2019\u00e9l\u00e8ves&nbsp;qui, tout le long de l\u2019ann\u00e9e, auront pour r\u00f4le de vous informer, de vous accompagner, de vous repr\u00e9senter aux conseils [&hellip;]\" \/>\n<meta property=\"og:url\" content=\"https:\/\/fcpe-college-sabineweiss.le-pic.org\/index.php\/2025\/10\/06\/chers-parents\/\" \/>\n<meta property=\"og:site_name\" content=\"FCPE Coll\u00e8ge Sabine Weiss Toulouse\" \/>\n<meta property=\"article:publisher\" content=\"https:\/\/www.facebook.com\/groups\/collegeguilhermy\" \/>\n<meta property=\"article:published_time\" content=\"2025-10-06T13:17:09+00:00\" \/>\n<meta property=\"article:modified_time\" content=\"2025-10-06T13:17:10+00:00\" \/>\n<meta property=\"og:image\" content=\"https:\/\/fcpe-college-sabineweiss.le-pic.org\/wp-content\/uploads\/2025\/10\/Votre-texte-de-paragraphe-2.png\" \/>\n\t<meta property=\"og:image:width\" content=\"625\" \/>\n\t<meta property=\"og:image:height\" content=\"884\" \/>\n\t<meta property=\"og:image:type\" content=\"image\/png\" \/>\n<meta name=\"author\" content=\"Amandine Clavi\u00e9\" \/>\n<meta name=\"twitter:card\" content=\"summary_large_image\" \/>\n<meta name=\"twitter:label1\" content=\"\u00c9crit par\" \/>\n\t<meta name=\"twitter:data1\" content=\"Amandine Clavi\u00e9\" \/>\n\t<meta name=\"twitter:label2\" content=\"Dur\u00e9e de lecture estim\u00e9e\" \/>\n\t<meta name=\"twitter:data2\" content=\"3 minutes\" \/>\n<script type=\"application\/ld+json\" class=\"yoast-schema-graph\">{\"@context\":\"https:\\\/\\\/schema.org\",\"@graph\":[{\"@type\":\"Article\",\"@id\":\"https:\\\/\\\/fcpe-college-sabineweiss.le-pic.org\\\/index.php\\\/2025\\\/10\\\/06\\\/chers-parents\\\/#article\",\"isPartOf\":{\"@id\":\"https:\\\/\\\/fcpe-college-sabineweiss.le-pic.org\\\/index.php\\\/2025\\\/10\\\/06\\\/chers-parents\\\/\"},\"author\":{\"name\":\"Amandine Clavi\u00e9\",\"@id\":\"https:\\\/\\\/fcpe-college-sabineweiss.le-pic.org\\\/#\\\/schema\\\/person\\\/261c7e504bcd4f44028f57d910048d02\"},\"headline\":\"Chers parents,\",\"datePublished\":\"2025-10-06T13:17:09+00:00\",\"dateModified\":\"2025-10-06T13:17:10+00:00\",\"mainEntityOfPage\":{\"@id\":\"https:\\\/\\\/fcpe-college-sabineweiss.le-pic.org\\\/index.php\\\/2025\\\/10\\\/06\\\/chers-parents\\\/\"},\"wordCount\":429,\"commentCount\":0,\"publisher\":{\"@id\":\"https:\\\/\\\/fcpe-college-sabineweiss.le-pic.org\\\/#organization\"},\"image\":{\"@id\":\"https:\\\/\\\/fcpe-college-sabineweiss.le-pic.org\\\/index.php\\\/2025\\\/10\\\/06\\\/chers-parents\\\/#primaryimage\"},\"thumbnailUrl\":\"https:\\\/\\\/fcpe-college-sabineweiss.le-pic.org\\\/wp-content\\\/uploads\\\/2025\\\/10\\\/Votre-texte-de-paragraphe-2.png\",\"inLanguage\":\"fr-FR\",\"potentialAction\":[{\"@type\":\"CommentAction\",\"name\":\"Comment\",\"target\":[\"https:\\\/\\\/fcpe-college-sabineweiss.le-pic.org\\\/index.php\\\/2025\\\/10\\\/06\\\/chers-parents\\\/#respond\"]}]},{\"@type\":\"WebPage\",\"@id\":\"https:\\\/\\\/fcpe-college-sabineweiss.le-pic.org\\\/index.php\\\/2025\\\/10\\\/06\\\/chers-parents\\\/\",\"url\":\"https:\\\/\\\/fcpe-college-sabineweiss.le-pic.org\\\/index.php\\\/2025\\\/10\\\/06\\\/chers-parents\\\/\",\"name\":\"Chers parents, - FCPE Coll\u00e8ge Sabine Weiss Toulouse\",\"isPartOf\":{\"@id\":\"https:\\\/\\\/fcpe-college-sabineweiss.le-pic.org\\\/#website\"},\"primaryImageOfPage\":{\"@id\":\"https:\\\/\\\/fcpe-college-sabineweiss.le-pic.org\\\/index.php\\\/2025\\\/10\\\/06\\\/chers-parents\\\/#primaryimage\"},\"image\":{\"@id\":\"https:\\\/\\\/fcpe-college-sabineweiss.le-pic.org\\\/index.php\\\/2025\\\/10\\\/06\\\/chers-parents\\\/#primaryimage\"},\"thumbnailUrl\":\"https:\\\/\\\/fcpe-college-sabineweiss.le-pic.org\\\/wp-content\\\/uploads\\\/2025\\\/10\\\/Votre-texte-de-paragraphe-2.png\",\"datePublished\":\"2025-10-06T13:17:09+00:00\",\"dateModified\":\"2025-10-06T13:17:10+00:00\",\"breadcrumb\":{\"@id\":\"https:\\\/\\\/fcpe-college-sabineweiss.le-pic.org\\\/index.php\\\/2025\\\/10\\\/06\\\/chers-parents\\\/#breadcrumb\"},\"inLanguage\":\"fr-FR\",\"potentialAction\":[{\"@type\":\"ReadAction\",\"target\":[\"https:\\\/\\\/fcpe-college-sabineweiss.le-pic.org\\\/index.php\\\/2025\\\/10\\\/06\\\/chers-parents\\\/\"]}]},{\"@type\":\"ImageObject\",\"inLanguage\":\"fr-FR\",\"@id\":\"https:\\\/\\\/fcpe-college-sabineweiss.le-pic.org\\\/index.php\\\/2025\\\/10\\\/06\\\/chers-parents\\\/#primaryimage\",\"url\":\"https:\\\/\\\/fcpe-college-sabineweiss.le-pic.org\\\/wp-content\\\/uploads\\\/2025\\\/10\\\/Votre-texte-de-paragraphe-2.png\",\"contentUrl\":\"https:\\\/\\\/fcpe-college-sabineweiss.le-pic.org\\\/wp-content\\\/uploads\\\/2025\\\/10\\\/Votre-texte-de-paragraphe-2.png\",\"width\":1414,\"height\":2000},{\"@type\":\"BreadcrumbList\",\"@id\":\"https:\\\/\\\/fcpe-college-sabineweiss.le-pic.org\\\/index.php\\\/2025\\\/10\\\/06\\\/chers-parents\\\/#breadcrumb\",\"itemListElement\":[{\"@type\":\"ListItem\",\"position\":1,\"name\":\"Accueil\",\"item\":\"https:\\\/\\\/fcpe-college-sabineweiss.le-pic.org\\\/\"},{\"@type\":\"ListItem\",\"position\":2,\"name\":\"Chers parents,\"}]},{\"@type\":\"WebSite\",\"@id\":\"https:\\\/\\\/fcpe-college-sabineweiss.le-pic.org\\\/#website\",\"url\":\"https:\\\/\\\/fcpe-college-sabineweiss.le-pic.org\\\/\",\"name\":\"FCPE Coll\u00e8ge Sabine Weiss Toulouse\",\"description\":\"Agir, informer et repr\u00e9senter les parents d&#039;\u00e9l\u00e8ves du coll\u00e8ge Sabine Weiss de Toulouse (ex-Guilhermy)\",\"publisher\":{\"@id\":\"https:\\\/\\\/fcpe-college-sabineweiss.le-pic.org\\\/#organization\"},\"potentialAction\":[{\"@type\":\"SearchAction\",\"target\":{\"@type\":\"EntryPoint\",\"urlTemplate\":\"https:\\\/\\\/fcpe-college-sabineweiss.le-pic.org\\\/?s={search_term_string}\"},\"query-input\":{\"@type\":\"PropertyValueSpecification\",\"valueRequired\":true,\"valueName\":\"search_term_string\"}}],\"inLanguage\":\"fr-FR\"},{\"@type\":\"Organization\",\"@id\":\"https:\\\/\\\/fcpe-college-sabineweiss.le-pic.org\\\/#organization\",\"name\":\"FCPE Coll\u00e8ge Sabine Weiss Toulouse\",\"url\":\"https:\\\/\\\/fcpe-college-sabineweiss.le-pic.org\\\/\",\"logo\":{\"@type\":\"ImageObject\",\"inLanguage\":\"fr-FR\",\"@id\":\"https:\\\/\\\/fcpe-college-sabineweiss.le-pic.org\\\/#\\\/schema\\\/logo\\\/image\\\/\",\"url\":\"https:\\\/\\\/fcpe-college-sabineweiss.le-pic.org\\\/wp-content\\\/uploads\\\/2022\\\/10\\\/College.png\",\"contentUrl\":\"https:\\\/\\\/fcpe-college-sabineweiss.le-pic.org\\\/wp-content\\\/uploads\\\/2022\\\/10\\\/College.png\",\"width\":500,\"height\":500,\"caption\":\"FCPE Coll\u00e8ge Sabine Weiss Toulouse\"},\"image\":{\"@id\":\"https:\\\/\\\/fcpe-college-sabineweiss.le-pic.org\\\/#\\\/schema\\\/logo\\\/image\\\/\"},\"sameAs\":[\"https:\\\/\\\/www.facebook.com\\\/groups\\\/collegeguilhermy\"]},{\"@type\":\"Person\",\"@id\":\"https:\\\/\\\/fcpe-college-sabineweiss.le-pic.org\\\/#\\\/schema\\\/person\\\/261c7e504bcd4f44028f57d910048d02\",\"name\":\"Amandine Clavi\u00e9\",\"image\":{\"@type\":\"ImageObject\",\"inLanguage\":\"fr-FR\",\"@id\":\"https:\\\/\\\/secure.gravatar.com\\\/avatar\\\/9caec2455489a246bb8c57cccd9e53570885ee4c4871ecde4dc1e3bbfac808fc?s=96&d=mm&r=g\",\"url\":\"https:\\\/\\\/secure.gravatar.com\\\/avatar\\\/9caec2455489a246bb8c57cccd9e53570885ee4c4871ecde4dc1e3bbfac808fc?s=96&d=mm&r=g\",\"contentUrl\":\"https:\\\/\\\/secure.gravatar.com\\\/avatar\\\/9caec2455489a246bb8c57cccd9e53570885ee4c4871ecde4dc1e3bbfac808fc?s=96&d=mm&r=g\",\"caption\":\"Amandine Clavi\u00e9\"},\"url\":\"https:\\\/\\\/fcpe-college-sabineweiss.le-pic.org\\\/index.php\\\/author\\\/aclavie\\\/\"}]}<\/script>\n<!-- \/ Yoast SEO plugin. -->","yoast_head_json":{"title":"Chers parents, - FCPE Coll\u00e8ge Sabine Weiss Toulouse","robots":{"index":"index","follow":"follow","max-snippet":"max-snippet:-1","max-image-preview":"max-image-preview:large","max-video-preview":"max-video-preview:-1"},"canonical":"https:\/\/fcpe-college-sabineweiss.le-pic.org\/index.php\/2025\/10\/06\/chers-parents\/","og_locale":"fr_FR","og_type":"article","og_title":"Chers parents, - FCPE Coll\u00e8ge Sabine Weiss Toulouse","og_description":"Les \u00e9lections des repr\u00e9sentants des parents d\u2019\u00e9l\u00e8ves auront lieu&nbsp;jusqu\u2019au vendredi 10 octobre 2025 au Coll\u00e8ge. Nous comptons sur votre participation \u00e0 tous ! &#8211;&nbsp;Pourquoi et pour qui voter ? Pour \u00e9lire les repr\u00e9sentants des parents d\u2019\u00e9l\u00e8ves&nbsp;qui, tout le long de l\u2019ann\u00e9e, auront pour r\u00f4le de vous informer, de vous accompagner, de vous repr\u00e9senter aux conseils [&hellip;]","og_url":"https:\/\/fcpe-college-sabineweiss.le-pic.org\/index.php\/2025\/10\/06\/chers-parents\/","og_site_name":"FCPE Coll\u00e8ge Sabine Weiss Toulouse","article_publisher":"https:\/\/www.facebook.com\/groups\/collegeguilhermy","article_published_time":"2025-10-06T13:17:09+00:00","article_modified_time":"2025-10-06T13:17:10+00:00","og_image":[{"url":"https:\/\/fcpe-college-sabineweiss.le-pic.org\/wp-content\/uploads\/2025\/10\/Votre-texte-de-paragraphe-2.png","width":625,"height":884,"type":"image\/png"}],"author":"Amandine Clavi\u00e9","twitter_card":"summary_large_image","twitter_misc":{"\u00c9crit par":"Amandine Clavi\u00e9","Dur\u00e9e de lecture estim\u00e9e":"3 minutes"},"schema":{"@context":"https:\/\/schema.org","@graph":[{"@type":"Article","@id":"https:\/\/fcpe-college-sabineweiss.le-pic.org\/index.php\/2025\/10\/06\/chers-parents\/#article","isPartOf":{"@id":"https:\/\/fcpe-college-sabineweiss.le-pic.org\/index.php\/2025\/10\/06\/chers-parents\/"},"author":{"name":"Amandine Clavi\u00e9","@id":"https:\/\/fcpe-college-sabineweiss.le-pic.org\/#\/schema\/person\/261c7e504bcd4f44028f57d910048d02"},"headline":"Chers parents,","datePublished":"2025-10-06T13:17:09+00:00","dateModified":"2025-10-06T13:17:10+00:00","mainEntityOfPage":{"@id":"https:\/\/fcpe-college-sabineweiss.le-pic.org\/index.php\/2025\/10\/06\/chers-parents\/"},"wordCount":429,"commentCount":0,"publisher":{"@id":"https:\/\/fcpe-college-sabineweiss.le-pic.org\/#organization"},"image":{"@id":"https:\/\/fcpe-college-sabineweiss.le-pic.org\/index.php\/2025\/10\/06\/chers-parents\/#primaryimage"},"thumbnailUrl":"https:\/\/fcpe-college-sabineweiss.le-pic.org\/wp-content\/uploads\/2025\/10\/Votre-texte-de-paragraphe-2.png","inLanguage":"fr-FR","potentialAction":[{"@type":"CommentAction","name":"Comment","target":["https:\/\/fcpe-college-sabineweiss.le-pic.org\/index.php\/2025\/10\/06\/chers-parents\/#respond"]}]},{"@type":"WebPage","@id":"https:\/\/fcpe-college-sabineweiss.le-pic.org\/index.php\/2025\/10\/06\/chers-parents\/","url":"https:\/\/fcpe-college-sabineweiss.le-pic.org\/index.php\/2025\/10\/06\/chers-parents\/","name":"Chers parents, - FCPE Coll\u00e8ge Sabine Weiss Toulouse","isPartOf":{"@id":"https:\/\/fcpe-college-sabineweiss.le-pic.org\/#website"},"primaryImageOfPage":{"@id":"https:\/\/fcpe-college-sabineweiss.le-pic.org\/index.php\/2025\/10\/06\/chers-parents\/#primaryimage"},"image":{"@id":"https:\/\/fcpe-college-sabineweiss.le-pic.org\/index.php\/2025\/10\/06\/chers-parents\/#primaryimage"},"thumbnailUrl":"https:\/\/fcpe-college-sabineweiss.le-pic.org\/wp-content\/uploads\/2025\/10\/Votre-texte-de-paragraphe-2.png","datePublished":"2025-10-06T13:17:09+00:00","dateModified":"2025-10-06T13:17:10+00:00","breadcrumb":{"@id":"https:\/\/fcpe-college-sabineweiss.le-pic.org\/index.php\/2025\/10\/06\/chers-parents\/#breadcrumb"},"inLanguage":"fr-FR","potentialAction":[{"@type":"ReadAction","target":["https:\/\/fcpe-college-sabineweiss.le-pic.org\/index.php\/2025\/10\/06\/chers-parents\/"]}]},{"@type":"ImageObject","inLanguage":"fr-FR","@id":"https:\/\/fcpe-college-sabineweiss.le-pic.org\/index.php\/2025\/10\/06\/chers-parents\/#primaryimage","url":"https:\/\/fcpe-college-sabineweiss.le-pic.org\/wp-content\/uploads\/2025\/10\/Votre-texte-de-paragraphe-2.png","contentUrl":"https:\/\/fcpe-college-sabineweiss.le-pic.org\/wp-content\/uploads\/2025\/10\/Votre-texte-de-paragraphe-2.png","width":1414,"height":2000},{"@type":"BreadcrumbList","@id":"https:\/\/fcpe-college-sabineweiss.le-pic.org\/index.php\/2025\/10\/06\/chers-parents\/#breadcrumb","itemListElement":[{"@type":"ListItem","position":1,"name":"Accueil","item":"https:\/\/fcpe-college-sabineweiss.le-pic.org\/"},{"@type":"ListItem","position":2,"name":"Chers parents,"}]},{"@type":"WebSite","@id":"https:\/\/fcpe-college-sabineweiss.le-pic.org\/#website","url":"https:\/\/fcpe-college-sabineweiss.le-pic.org\/","name":"FCPE Coll\u00e8ge Sabine Weiss Toulouse","description":"Agir, informer et repr\u00e9senter les parents d&#039;\u00e9l\u00e8ves du coll\u00e8ge Sabine Weiss de Toulouse (ex-Guilhermy)","publisher":{"@id":"https:\/\/fcpe-college-sabineweiss.le-pic.org\/#organization"},"potentialAction":[{"@type":"SearchAction","target":{"@type":"EntryPoint","urlTemplate":"https:\/\/fcpe-college-sabineweiss.le-pic.org\/?s={search_term_string}"},"query-input":{"@type":"PropertyValueSpecification","valueRequired":true,"valueName":"search_term_string"}}],"inLanguage":"fr-FR"},{"@type":"Organization","@id":"https:\/\/fcpe-college-sabineweiss.le-pic.org\/#organization","name":"FCPE Coll\u00e8ge Sabine Weiss Toulouse","url":"https:\/\/fcpe-college-sabineweiss.le-pic.org\/","logo":{"@type":"ImageObject","inLanguage":"fr-FR","@id":"https:\/\/fcpe-college-sabineweiss.le-pic.org\/#\/schema\/logo\/image\/","url":"https:\/\/fcpe-college-sabineweiss.le-pic.org\/wp-content\/uploads\/2022\/10\/College.png","contentUrl":"https:\/\/fcpe-college-sabineweiss.le-pic.org\/wp-content\/uploads\/2022\/10\/College.png","width":500,"height":500,"caption":"FCPE Coll\u00e8ge Sabine Weiss Toulouse"},"image":{"@id":"https:\/\/fcpe-college-sabineweiss.le-pic.org\/#\/schema\/logo\/image\/"},"sameAs":["https:\/\/www.facebook.com\/groups\/collegeguilhermy"]},{"@type":"Person","@id":"https:\/\/fcpe-college-sabineweiss.le-pic.org\/#\/schema\/person\/261c7e504bcd4f44028f57d910048d02","name":"Amandine Clavi\u00e9","image":{"@type":"ImageObject","inLanguage":"fr-FR","@id":"https:\/\/secure.gravatar.com\/avatar\/9caec2455489a246bb8c57cccd9e53570885ee4c4871ecde4dc1e3bbfac808fc?s=96&d=mm&r=g","url":"https:\/\/secure.gravatar.com\/avatar\/9caec2455489a246bb8c57cccd9e53570885ee4c4871ecde4dc1e3bbfac808fc?s=96&d=mm&r=g","contentUrl":"https:\/\/secure.gravatar.com\/avatar\/9caec2455489a246bb8c57cccd9e53570885ee4c4871ecde4dc1e3bbfac808fc?s=96&d=mm&r=g","caption":"Amandine Clavi\u00e9"},"url":"https:\/\/fcpe-college-sabineweiss.le-pic.org\/index.php\/author\/aclavie\/"}]}},"_links":{"self":[{"href":"https:\/\/fcpe-college-sabineweiss.le-pic.org\/index.php\/wp-json\/wp\/v2\/posts\/1267","targetHints":{"allow":["GET"]}}],"collection":[{"href":"https:\/\/fcpe-college-sabineweiss.le-pic.org\/index.php\/wp-json\/wp\/v2\/posts"}],"about":[{"href":"https:\/\/fcpe-college-sabineweiss.le-pic.org\/index.php\/wp-json\/wp\/v2\/types\/post"}],"author":[{"embeddable":true,"href":"https:\/\/fcpe-college-sabineweiss.le-pic.org\/index.php\/wp-json\/wp\/v2\/users\/6"}],"replies":[{"embeddable":true,"href":"https:\/\/fcpe-college-sabineweiss.le-pic.org\/index.php\/wp-json\/wp\/v2\/comments?post=1267"}],"version-history":[{"count":1,"href":"https:\/\/fcpe-college-sabineweiss.le-pic.org\/index.php\/wp-json\/wp\/v2\/posts\/1267\/revisions"}],"predecessor-version":[{"id":1270,"href":"https:\/\/fcpe-college-sabineweiss.le-pic.org\/index.php\/wp-json\/wp\/v2\/posts\/1267\/revisions\/1270"}],"wp:featuredmedia":[{"embeddable":true,"href":"https:\/\/fcpe-college-sabineweiss.le-pic.org\/index.php\/wp-json\/wp\/v2\/media\/1269"}],"wp:attachment":[{"href":"https:\/\/fcpe-college-sabineweiss.le-pic.org\/index.php\/wp-json\/wp\/v2\/media?parent=1267"}],"wp:term":[{"taxonomy":"category","embeddable":true,"href":"https:\/\/fcpe-college-sabineweiss.le-pic.org\/index.php\/wp-json\/wp\/v2\/categories?post=1267"},{"taxonomy":"post_tag","embeddable":true,"href":"https:\/\/fcpe-college-sabineweiss.le-pic.org\/index.php\/wp-json\/wp\/v2\/tags?post=1267"}],"curies":[{"name":"wp","href":"https:\/\/api.w.org\/{rel}","templated":true}]}}