{"id":1249,"date":"2025-05-24T18:16:26","date_gmt":"2025-05-24T16:16:26","guid":{"rendered":"https:\/\/fcpe-college-sabineweiss.le-pic.org\/?p=1249"},"modified":"2025-05-24T18:16:27","modified_gmt":"2025-05-24T16:16:27","slug":"demande-urgente-dun-arret-de-bus-devant-le-college-sabine-weiss","status":"publish","type":"post","link":"https:\/\/fcpe-college-sabineweiss.le-pic.org\/index.php\/2025\/05\/24\/demande-urgente-dun-arret-de-bus-devant-le-college-sabine-weiss\/","title":{"rendered":"Demande urgente d&rsquo;un arr\u00eat de bus devant le coll\u00e8ge Sabine Weiss"},"content":{"rendered":"\n<p>Nous venons d&rsquo;envoyer un nouveau courrier au Pr\u00e9sident de Tiss\u00e9o et au Maire de Toulouse. En voici une copie. Nous organiserons une grande marche en juin 2025 afin de m\u00e9diatiser notre demande.<\/p>\n\n\n\n<p>La p\u00e9tition est en ligne, n&rsquo;h\u00e9sitez pas \u00e0 la signer : <a href=\"https:\/\/www.mesopinions.com\/petition\/autres\/creation-arret-bus-tisseo-devant-college\/200938?fbclid=IwAR39-iR_PEFMpLmqCyGhR9x9uEbIsgV1VTm4bjuspTn2hQXUBz6MAI3dHz4#HeaderGestion\">Lien<\/a><\/p>\n\n\n\n<p> <\/p>\n\n\n\n<p>Monsieur le Pr\u00e9sident de Tiss\u00e9o,<\/p>\n\n\n\n<p>Monsieur le Maire de Toulouse,<\/p>\n\n\n\n<p>Nous vous adressons ce courrier en tant que parents d&rsquo;\u00e9l\u00e8ves \u00e9lus du coll\u00e8ge Sabine Weiss, afin de vous exprimer notre profonde exasp\u00e9ration et inqui\u00e9tude face \u00e0 la situation critique que nous vivons concernant le transport scolaire. Nous sollicitons votre attention sur notre demande urgente pour l&rsquo;installation d&rsquo;un arr\u00eat de bus devant le coll\u00e8ge, une mesure essentielle pour assurer la s\u00e9curit\u00e9 de nos enfants.<\/p>\n\n\n\n<p>Depuis trois ans, nos enfants doivent parcourir une distance dangereuse entre l&rsquo;arr\u00eat de bus actuel et le coll\u00e8ge, ce qui a entra\u00een\u00e9 plusieurs incidents pr\u00e9occupants. Malgr\u00e9 nos d\u00e9marches r\u00e9p\u00e9t\u00e9es et la p\u00e9tition en ligne ayant recueilli un millier de signatures, aucune action concr\u00e8te n&rsquo;a \u00e9t\u00e9 envisag\u00e9e. Cette situation est inacceptable et nous ne pouvons attendre qu&rsquo;un drame survienne.<\/p>\n\n\n\n<p>Nous vous prions de bien vouloir consid\u00e9rer notre requ\u00eate pour la mise en place d&rsquo;un arr\u00eat de bus devant le coll\u00e8ge d\u00e8s la rentr\u00e9e de septembre 2025. Une grande marche est pr\u00e9vue en juin pour sensibiliser davantage \u00e0 cette probl\u00e9matique et d\u00e9noncer l&rsquo;inaction actuelle.<\/p>\n\n\n\n<p>Nous esp\u00e9rons vivement une r\u00e9ponse favorable de votre part, garantissant ainsi la s\u00e9curit\u00e9 de nos enfants et l&rsquo;attractivit\u00e9 de notre \u00e9tablissement.<\/p>\n\n\n\n<p>Veuillez agr\u00e9er, Monsieur le Pr\u00e9sident, Monsieur le Maire, l&rsquo;expression de notre consid\u00e9ration distingu\u00e9e.<\/p>\n\n\n\n<p>Cordialement,<\/p>\n\n\n\n<p>Parents d&rsquo;\u00e9l\u00e8ves du coll\u00e8ge Sabine Weiss<\/p>\n\n\n\n<div data-wp-interactive=\"core\/file\" class=\"wp-block-file\"><object data-wp-bind--hidden=\"!state.hasPdfPreview\" hidden class=\"wp-block-file__embed\" data=\"https:\/\/fcpe-college-sabineweiss.le-pic.org\/wp-content\/uploads\/2025\/05\/2025_05_23.-Lettre-Arret-de-bus_Vf.pdf\" type=\"application\/pdf\" style=\"width:100%;height:600px\" aria-label=\"Contenu embarqu\u00e9 2025_05_23. Lettre Arr\u00eat de bus_Vf.\"><\/object><a id=\"wp-block-file--media-cd51cd9e-67d0-474a-a268-5e232f57119b\" href=\"https:\/\/fcpe-college-sabineweiss.le-pic.org\/wp-content\/uploads\/2025\/05\/2025_05_23.-Lettre-Arret-de-bus_Vf.pdf\">2025_05_23. Lettre Arr\u00eat de bus_Vf<\/a><a href=\"https:\/\/fcpe-college-sabineweiss.le-pic.org\/wp-content\/uploads\/2025\/05\/2025_05_23.-Lettre-Arret-de-bus_Vf.pdf\" class=\"wp-block-file__button wp-element-button\" download aria-describedby=\"wp-block-file--media-cd51cd9e-67d0-474a-a268-5e232f57119b\">T\u00e9l\u00e9charger<\/a><\/div>\n","protected":false},"excerpt":{"rendered":"<p>Nous venons d&rsquo;envoyer un nouveau courrier au Pr\u00e9sident de Tiss\u00e9o et au Maire de Toulouse. En voici une copie. Nous organiserons une grande marche en juin 2025 afin de m\u00e9diatiser notre demande. La p\u00e9tition est en ligne, n&rsquo;h\u00e9sitez pas \u00e0 la signer : Lien Monsieur le Pr\u00e9sident de Tiss\u00e9o, Monsieur le Maire de Toulouse, Nous [&hellip;]<\/p>\n","protected":false},"author":2,"featured_media":0,"comment_status":"open","ping_status":"open","sticky":false,"template":"","format":"standard","meta":{"footnotes":""},"categories":[1],"tags":[],"class_list":["post-1249","post","type-post","status-publish","format-standard","hentry","category-non-classe"],"yoast_head":"<!-- This site is optimized with the Yoast SEO plugin v27.4 - https:\/\/yoast.com\/product\/yoast-seo-wordpress\/ -->\n<title>Demande urgente d&#039;un arr\u00eat de bus devant le coll\u00e8ge Sabine Weiss - FCPE Coll\u00e8ge Sabine Weiss Toulouse<\/title>\n<meta name=\"robots\" content=\"index, follow, max-snippet:-1, max-image-preview:large, max-video-preview:-1\" \/>\n<link rel=\"canonical\" href=\"https:\/\/fcpe-college-sabineweiss.le-pic.org\/index.php\/2025\/05\/24\/demande-urgente-dun-arret-de-bus-devant-le-college-sabine-weiss\/\" \/>\n<meta property=\"og:locale\" content=\"fr_FR\" \/>\n<meta property=\"og:type\" content=\"article\" \/>\n<meta property=\"og:title\" content=\"Demande urgente d&#039;un arr\u00eat de bus devant le coll\u00e8ge Sabine Weiss - FCPE Coll\u00e8ge Sabine Weiss Toulouse\" \/>\n<meta property=\"og:description\" content=\"Nous venons d&rsquo;envoyer un nouveau courrier au Pr\u00e9sident de Tiss\u00e9o et au Maire de Toulouse. En voici une copie. Nous organiserons une grande marche en juin 2025 afin de m\u00e9diatiser notre demande. La p\u00e9tition est en ligne, n&rsquo;h\u00e9sitez pas \u00e0 la signer : Lien Monsieur le Pr\u00e9sident de Tiss\u00e9o, Monsieur le Maire de Toulouse, Nous [&hellip;]\" \/>\n<meta property=\"og:url\" content=\"https:\/\/fcpe-college-sabineweiss.le-pic.org\/index.php\/2025\/05\/24\/demande-urgente-dun-arret-de-bus-devant-le-college-sabine-weiss\/\" \/>\n<meta property=\"og:site_name\" content=\"FCPE Coll\u00e8ge Sabine Weiss Toulouse\" \/>\n<meta property=\"article:publisher\" content=\"https:\/\/www.facebook.com\/groups\/collegeguilhermy\" \/>\n<meta property=\"article:published_time\" content=\"2025-05-24T16:16:26+00:00\" \/>\n<meta property=\"article:modified_time\" content=\"2025-05-24T16:16:27+00:00\" \/>\n<meta property=\"og:image\" content=\"https:\/\/fcpe-college-sabineweiss.le-pic.org\/wp-content\/uploads\/2022\/10\/cropped-banniere-site-internet-3.png\" \/>\n\t<meta property=\"og:image:width\" content=\"960\" \/>\n\t<meta property=\"og:image:height\" content=\"250\" \/>\n\t<meta property=\"og:image:type\" content=\"image\/png\" \/>\n<meta name=\"author\" content=\"FCPE Coll\u00e8ge Sabine Weiss\" \/>\n<meta name=\"twitter:card\" content=\"summary_large_image\" \/>\n<meta name=\"twitter:label1\" content=\"\u00c9crit par\" \/>\n\t<meta name=\"twitter:data1\" content=\"FCPE Coll\u00e8ge Sabine Weiss\" \/>\n\t<meta name=\"twitter:label2\" content=\"Dur\u00e9e de lecture estim\u00e9e\" \/>\n\t<meta name=\"twitter:data2\" content=\"2 minutes\" \/>\n<script type=\"application\/ld+json\" class=\"yoast-schema-graph\">{\"@context\":\"https:\\\/\\\/schema.org\",\"@graph\":[{\"@type\":\"Article\",\"@id\":\"https:\\\/\\\/fcpe-college-sabineweiss.le-pic.org\\\/index.php\\\/2025\\\/05\\\/24\\\/demande-urgente-dun-arret-de-bus-devant-le-college-sabine-weiss\\\/#article\",\"isPartOf\":{\"@id\":\"https:\\\/\\\/fcpe-college-sabineweiss.le-pic.org\\\/index.php\\\/2025\\\/05\\\/24\\\/demande-urgente-dun-arret-de-bus-devant-le-college-sabine-weiss\\\/\"},\"author\":{\"name\":\"FCPE Coll\u00e8ge Sabine Weiss\",\"@id\":\"https:\\\/\\\/fcpe-college-sabineweiss.le-pic.org\\\/#\\\/schema\\\/person\\\/df816da733fe0f1db108002ccda92e5f\"},\"headline\":\"Demande urgente d&rsquo;un arr\u00eat de bus devant le coll\u00e8ge Sabine Weiss\",\"datePublished\":\"2025-05-24T16:16:26+00:00\",\"dateModified\":\"2025-05-24T16:16:27+00:00\",\"mainEntityOfPage\":{\"@id\":\"https:\\\/\\\/fcpe-college-sabineweiss.le-pic.org\\\/index.php\\\/2025\\\/05\\\/24\\\/demande-urgente-dun-arret-de-bus-devant-le-college-sabine-weiss\\\/\"},\"wordCount\":333,\"commentCount\":0,\"publisher\":{\"@id\":\"https:\\\/\\\/fcpe-college-sabineweiss.le-pic.org\\\/#organization\"},\"inLanguage\":\"fr-FR\",\"potentialAction\":[{\"@type\":\"CommentAction\",\"name\":\"Comment\",\"target\":[\"https:\\\/\\\/fcpe-college-sabineweiss.le-pic.org\\\/index.php\\\/2025\\\/05\\\/24\\\/demande-urgente-dun-arret-de-bus-devant-le-college-sabine-weiss\\\/#respond\"]}]},{\"@type\":\"WebPage\",\"@id\":\"https:\\\/\\\/fcpe-college-sabineweiss.le-pic.org\\\/index.php\\\/2025\\\/05\\\/24\\\/demande-urgente-dun-arret-de-bus-devant-le-college-sabine-weiss\\\/\",\"url\":\"https:\\\/\\\/fcpe-college-sabineweiss.le-pic.org\\\/index.php\\\/2025\\\/05\\\/24\\\/demande-urgente-dun-arret-de-bus-devant-le-college-sabine-weiss\\\/\",\"name\":\"Demande urgente d'un arr\u00eat de bus devant le coll\u00e8ge Sabine Weiss - FCPE Coll\u00e8ge Sabine Weiss Toulouse\",\"isPartOf\":{\"@id\":\"https:\\\/\\\/fcpe-college-sabineweiss.le-pic.org\\\/#website\"},\"datePublished\":\"2025-05-24T16:16:26+00:00\",\"dateModified\":\"2025-05-24T16:16:27+00:00\",\"breadcrumb\":{\"@id\":\"https:\\\/\\\/fcpe-college-sabineweiss.le-pic.org\\\/index.php\\\/2025\\\/05\\\/24\\\/demande-urgente-dun-arret-de-bus-devant-le-college-sabine-weiss\\\/#breadcrumb\"},\"inLanguage\":\"fr-FR\",\"potentialAction\":[{\"@type\":\"ReadAction\",\"target\":[\"https:\\\/\\\/fcpe-college-sabineweiss.le-pic.org\\\/index.php\\\/2025\\\/05\\\/24\\\/demande-urgente-dun-arret-de-bus-devant-le-college-sabine-weiss\\\/\"]}]},{\"@type\":\"BreadcrumbList\",\"@id\":\"https:\\\/\\\/fcpe-college-sabineweiss.le-pic.org\\\/index.php\\\/2025\\\/05\\\/24\\\/demande-urgente-dun-arret-de-bus-devant-le-college-sabine-weiss\\\/#breadcrumb\",\"itemListElement\":[{\"@type\":\"ListItem\",\"position\":1,\"name\":\"Accueil\",\"item\":\"https:\\\/\\\/fcpe-college-sabineweiss.le-pic.org\\\/\"},{\"@type\":\"ListItem\",\"position\":2,\"name\":\"Demande urgente d&rsquo;un arr\u00eat de bus devant le coll\u00e8ge Sabine Weiss\"}]},{\"@type\":\"WebSite\",\"@id\":\"https:\\\/\\\/fcpe-college-sabineweiss.le-pic.org\\\/#website\",\"url\":\"https:\\\/\\\/fcpe-college-sabineweiss.le-pic.org\\\/\",\"name\":\"FCPE Coll\u00e8ge Sabine Weiss Toulouse\",\"description\":\"Agir, informer et repr\u00e9senter les parents d&#039;\u00e9l\u00e8ves du coll\u00e8ge Sabine Weiss de Toulouse (ex-Guilhermy)\",\"publisher\":{\"@id\":\"https:\\\/\\\/fcpe-college-sabineweiss.le-pic.org\\\/#organization\"},\"potentialAction\":[{\"@type\":\"SearchAction\",\"target\":{\"@type\":\"EntryPoint\",\"urlTemplate\":\"https:\\\/\\\/fcpe-college-sabineweiss.le-pic.org\\\/?s={search_term_string}\"},\"query-input\":{\"@type\":\"PropertyValueSpecification\",\"valueRequired\":true,\"valueName\":\"search_term_string\"}}],\"inLanguage\":\"fr-FR\"},{\"@type\":\"Organization\",\"@id\":\"https:\\\/\\\/fcpe-college-sabineweiss.le-pic.org\\\/#organization\",\"name\":\"FCPE Coll\u00e8ge Sabine Weiss Toulouse\",\"url\":\"https:\\\/\\\/fcpe-college-sabineweiss.le-pic.org\\\/\",\"logo\":{\"@type\":\"ImageObject\",\"inLanguage\":\"fr-FR\",\"@id\":\"https:\\\/\\\/fcpe-college-sabineweiss.le-pic.org\\\/#\\\/schema\\\/logo\\\/image\\\/\",\"url\":\"https:\\\/\\\/fcpe-college-sabineweiss.le-pic.org\\\/wp-content\\\/uploads\\\/2022\\\/10\\\/College.png\",\"contentUrl\":\"https:\\\/\\\/fcpe-college-sabineweiss.le-pic.org\\\/wp-content\\\/uploads\\\/2022\\\/10\\\/College.png\",\"width\":500,\"height\":500,\"caption\":\"FCPE Coll\u00e8ge Sabine Weiss Toulouse\"},\"image\":{\"@id\":\"https:\\\/\\\/fcpe-college-sabineweiss.le-pic.org\\\/#\\\/schema\\\/logo\\\/image\\\/\"},\"sameAs\":[\"https:\\\/\\\/www.facebook.com\\\/groups\\\/collegeguilhermy\"]},{\"@type\":\"Person\",\"@id\":\"https:\\\/\\\/fcpe-college-sabineweiss.le-pic.org\\\/#\\\/schema\\\/person\\\/df816da733fe0f1db108002ccda92e5f\",\"name\":\"FCPE Coll\u00e8ge Sabine Weiss\",\"image\":{\"@type\":\"ImageObject\",\"inLanguage\":\"fr-FR\",\"@id\":\"https:\\\/\\\/secure.gravatar.com\\\/avatar\\\/3258d0ff520da9e1df24c65b831bae9efb763c049e20b7f4b21a885604b77515?s=96&d=mm&r=g\",\"url\":\"https:\\\/\\\/secure.gravatar.com\\\/avatar\\\/3258d0ff520da9e1df24c65b831bae9efb763c049e20b7f4b21a885604b77515?s=96&d=mm&r=g\",\"contentUrl\":\"https:\\\/\\\/secure.gravatar.com\\\/avatar\\\/3258d0ff520da9e1df24c65b831bae9efb763c049e20b7f4b21a885604b77515?s=96&d=mm&r=g\",\"caption\":\"FCPE Coll\u00e8ge Sabine Weiss\"},\"url\":\"https:\\\/\\\/fcpe-college-sabineweiss.le-pic.org\\\/index.php\\\/author\\\/parentscollegeguilhermy\\\/\"}]}<\/script>\n<!-- \/ Yoast SEO plugin. -->","yoast_head_json":{"title":"Demande urgente d'un arr\u00eat de bus devant le coll\u00e8ge Sabine Weiss - FCPE Coll\u00e8ge Sabine Weiss Toulouse","robots":{"index":"index","follow":"follow","max-snippet":"max-snippet:-1","max-image-preview":"max-image-preview:large","max-video-preview":"max-video-preview:-1"},"canonical":"https:\/\/fcpe-college-sabineweiss.le-pic.org\/index.php\/2025\/05\/24\/demande-urgente-dun-arret-de-bus-devant-le-college-sabine-weiss\/","og_locale":"fr_FR","og_type":"article","og_title":"Demande urgente d'un arr\u00eat de bus devant le coll\u00e8ge Sabine Weiss - FCPE Coll\u00e8ge Sabine Weiss Toulouse","og_description":"Nous venons d&rsquo;envoyer un nouveau courrier au Pr\u00e9sident de Tiss\u00e9o et au Maire de Toulouse. En voici une copie. Nous organiserons une grande marche en juin 2025 afin de m\u00e9diatiser notre demande. La p\u00e9tition est en ligne, n&rsquo;h\u00e9sitez pas \u00e0 la signer : Lien Monsieur le Pr\u00e9sident de Tiss\u00e9o, Monsieur le Maire de Toulouse, Nous [&hellip;]","og_url":"https:\/\/fcpe-college-sabineweiss.le-pic.org\/index.php\/2025\/05\/24\/demande-urgente-dun-arret-de-bus-devant-le-college-sabine-weiss\/","og_site_name":"FCPE Coll\u00e8ge Sabine Weiss Toulouse","article_publisher":"https:\/\/www.facebook.com\/groups\/collegeguilhermy","article_published_time":"2025-05-24T16:16:26+00:00","article_modified_time":"2025-05-24T16:16:27+00:00","og_image":[{"width":960,"height":250,"url":"https:\/\/fcpe-college-sabineweiss.le-pic.org\/wp-content\/uploads\/2022\/10\/cropped-banniere-site-internet-3.png","type":"image\/png"}],"author":"FCPE Coll\u00e8ge Sabine Weiss","twitter_card":"summary_large_image","twitter_misc":{"\u00c9crit par":"FCPE Coll\u00e8ge Sabine Weiss","Dur\u00e9e de lecture estim\u00e9e":"2 minutes"},"schema":{"@context":"https:\/\/schema.org","@graph":[{"@type":"Article","@id":"https:\/\/fcpe-college-sabineweiss.le-pic.org\/index.php\/2025\/05\/24\/demande-urgente-dun-arret-de-bus-devant-le-college-sabine-weiss\/#article","isPartOf":{"@id":"https:\/\/fcpe-college-sabineweiss.le-pic.org\/index.php\/2025\/05\/24\/demande-urgente-dun-arret-de-bus-devant-le-college-sabine-weiss\/"},"author":{"name":"FCPE Coll\u00e8ge Sabine Weiss","@id":"https:\/\/fcpe-college-sabineweiss.le-pic.org\/#\/schema\/person\/df816da733fe0f1db108002ccda92e5f"},"headline":"Demande urgente d&rsquo;un arr\u00eat de bus devant le coll\u00e8ge Sabine Weiss","datePublished":"2025-05-24T16:16:26+00:00","dateModified":"2025-05-24T16:16:27+00:00","mainEntityOfPage":{"@id":"https:\/\/fcpe-college-sabineweiss.le-pic.org\/index.php\/2025\/05\/24\/demande-urgente-dun-arret-de-bus-devant-le-college-sabine-weiss\/"},"wordCount":333,"commentCount":0,"publisher":{"@id":"https:\/\/fcpe-college-sabineweiss.le-pic.org\/#organization"},"inLanguage":"fr-FR","potentialAction":[{"@type":"CommentAction","name":"Comment","target":["https:\/\/fcpe-college-sabineweiss.le-pic.org\/index.php\/2025\/05\/24\/demande-urgente-dun-arret-de-bus-devant-le-college-sabine-weiss\/#respond"]}]},{"@type":"WebPage","@id":"https:\/\/fcpe-college-sabineweiss.le-pic.org\/index.php\/2025\/05\/24\/demande-urgente-dun-arret-de-bus-devant-le-college-sabine-weiss\/","url":"https:\/\/fcpe-college-sabineweiss.le-pic.org\/index.php\/2025\/05\/24\/demande-urgente-dun-arret-de-bus-devant-le-college-sabine-weiss\/","name":"Demande urgente d'un arr\u00eat de bus devant le coll\u00e8ge Sabine Weiss - FCPE Coll\u00e8ge Sabine Weiss Toulouse","isPartOf":{"@id":"https:\/\/fcpe-college-sabineweiss.le-pic.org\/#website"},"datePublished":"2025-05-24T16:16:26+00:00","dateModified":"2025-05-24T16:16:27+00:00","breadcrumb":{"@id":"https:\/\/fcpe-college-sabineweiss.le-pic.org\/index.php\/2025\/05\/24\/demande-urgente-dun-arret-de-bus-devant-le-college-sabine-weiss\/#breadcrumb"},"inLanguage":"fr-FR","potentialAction":[{"@type":"ReadAction","target":["https:\/\/fcpe-college-sabineweiss.le-pic.org\/index.php\/2025\/05\/24\/demande-urgente-dun-arret-de-bus-devant-le-college-sabine-weiss\/"]}]},{"@type":"BreadcrumbList","@id":"https:\/\/fcpe-college-sabineweiss.le-pic.org\/index.php\/2025\/05\/24\/demande-urgente-dun-arret-de-bus-devant-le-college-sabine-weiss\/#breadcrumb","itemListElement":[{"@type":"ListItem","position":1,"name":"Accueil","item":"https:\/\/fcpe-college-sabineweiss.le-pic.org\/"},{"@type":"ListItem","position":2,"name":"Demande urgente d&rsquo;un arr\u00eat de bus devant le coll\u00e8ge Sabine Weiss"}]},{"@type":"WebSite","@id":"https:\/\/fcpe-college-sabineweiss.le-pic.org\/#website","url":"https:\/\/fcpe-college-sabineweiss.le-pic.org\/","name":"FCPE Coll\u00e8ge Sabine Weiss Toulouse","description":"Agir, informer et repr\u00e9senter les parents d&#039;\u00e9l\u00e8ves du coll\u00e8ge Sabine Weiss de Toulouse (ex-Guilhermy)","publisher":{"@id":"https:\/\/fcpe-college-sabineweiss.le-pic.org\/#organization"},"potentialAction":[{"@type":"SearchAction","target":{"@type":"EntryPoint","urlTemplate":"https:\/\/fcpe-college-sabineweiss.le-pic.org\/?s={search_term_string}"},"query-input":{"@type":"PropertyValueSpecification","valueRequired":true,"valueName":"search_term_string"}}],"inLanguage":"fr-FR"},{"@type":"Organization","@id":"https:\/\/fcpe-college-sabineweiss.le-pic.org\/#organization","name":"FCPE Coll\u00e8ge Sabine Weiss Toulouse","url":"https:\/\/fcpe-college-sabineweiss.le-pic.org\/","logo":{"@type":"ImageObject","inLanguage":"fr-FR","@id":"https:\/\/fcpe-college-sabineweiss.le-pic.org\/#\/schema\/logo\/image\/","url":"https:\/\/fcpe-college-sabineweiss.le-pic.org\/wp-content\/uploads\/2022\/10\/College.png","contentUrl":"https:\/\/fcpe-college-sabineweiss.le-pic.org\/wp-content\/uploads\/2022\/10\/College.png","width":500,"height":500,"caption":"FCPE Coll\u00e8ge Sabine Weiss Toulouse"},"image":{"@id":"https:\/\/fcpe-college-sabineweiss.le-pic.org\/#\/schema\/logo\/image\/"},"sameAs":["https:\/\/www.facebook.com\/groups\/collegeguilhermy"]},{"@type":"Person","@id":"https:\/\/fcpe-college-sabineweiss.le-pic.org\/#\/schema\/person\/df816da733fe0f1db108002ccda92e5f","name":"FCPE Coll\u00e8ge Sabine Weiss","image":{"@type":"ImageObject","inLanguage":"fr-FR","@id":"https:\/\/secure.gravatar.com\/avatar\/3258d0ff520da9e1df24c65b831bae9efb763c049e20b7f4b21a885604b77515?s=96&d=mm&r=g","url":"https:\/\/secure.gravatar.com\/avatar\/3258d0ff520da9e1df24c65b831bae9efb763c049e20b7f4b21a885604b77515?s=96&d=mm&r=g","contentUrl":"https:\/\/secure.gravatar.com\/avatar\/3258d0ff520da9e1df24c65b831bae9efb763c049e20b7f4b21a885604b77515?s=96&d=mm&r=g","caption":"FCPE Coll\u00e8ge Sabine Weiss"},"url":"https:\/\/fcpe-college-sabineweiss.le-pic.org\/index.php\/author\/parentscollegeguilhermy\/"}]}},"_links":{"self":[{"href":"https:\/\/fcpe-college-sabineweiss.le-pic.org\/index.php\/wp-json\/wp\/v2\/posts\/1249","targetHints":{"allow":["GET"]}}],"collection":[{"href":"https:\/\/fcpe-college-sabineweiss.le-pic.org\/index.php\/wp-json\/wp\/v2\/posts"}],"about":[{"href":"https:\/\/fcpe-college-sabineweiss.le-pic.org\/index.php\/wp-json\/wp\/v2\/types\/post"}],"author":[{"embeddable":true,"href":"https:\/\/fcpe-college-sabineweiss.le-pic.org\/index.php\/wp-json\/wp\/v2\/users\/2"}],"replies":[{"embeddable":true,"href":"https:\/\/fcpe-college-sabineweiss.le-pic.org\/index.php\/wp-json\/wp\/v2\/comments?post=1249"}],"version-history":[{"count":1,"href":"https:\/\/fcpe-college-sabineweiss.le-pic.org\/index.php\/wp-json\/wp\/v2\/posts\/1249\/revisions"}],"predecessor-version":[{"id":1251,"href":"https:\/\/fcpe-college-sabineweiss.le-pic.org\/index.php\/wp-json\/wp\/v2\/posts\/1249\/revisions\/1251"}],"wp:attachment":[{"href":"https:\/\/fcpe-college-sabineweiss.le-pic.org\/index.php\/wp-json\/wp\/v2\/media?parent=1249"}],"wp:term":[{"taxonomy":"category","embeddable":true,"href":"https:\/\/fcpe-college-sabineweiss.le-pic.org\/index.php\/wp-json\/wp\/v2\/categories?post=1249"},{"taxonomy":"post_tag","embeddable":true,"href":"https:\/\/fcpe-college-sabineweiss.le-pic.org\/index.php\/wp-json\/wp\/v2\/tags?post=1249"}],"curies":[{"name":"wp","href":"https:\/\/api.w.org\/{rel}","templated":true}]}}