{"id":1239,"date":"2025-05-09T15:35:13","date_gmt":"2025-05-09T13:35:13","guid":{"rendered":"https:\/\/fcpe-college-sabineweiss.le-pic.org\/?p=1239"},"modified":"2025-05-09T15:35:16","modified_gmt":"2025-05-09T13:35:16","slug":"ayav-printemps-2025-vendredi-16-mai","status":"publish","type":"post","link":"https:\/\/fcpe-college-sabineweiss.le-pic.org\/index.php\/2025\/05\/09\/ayav-printemps-2025-vendredi-16-mai\/","title":{"rendered":"AYAV Printemps 2025 : vendredi 16 mai"},"content":{"rendered":"\n<p>Pour la 3e ann\u00e9e cons\u00e9cutive, le coll\u00e8ge Sabine Weiss va participer au challenge AYAV (Allons-y \u00e0 v\u00e9lo). C&rsquo;est la 20e \u00e9dition de ce challenge. Ce challenge propose \u00e0 l&rsquo;ensemble des Toulousains de participer \u00e0 un d\u00e9fi sportif sur tout le p\u00e9rim\u00e8tre de Tiss\u00e9o. Pour cette nouvelle \u00e9dition, le site internet a fait peau neuve : <a href=\"https:\/\/www.ayav.fr\/\">https:\/\/www.ayav.fr\/<\/a>.<\/p>\n\n\n\n<figure class=\"wp-block-image size-large\"><img loading=\"lazy\" decoding=\"async\" width=\"724\" height=\"1024\" src=\"https:\/\/fcpe-college-sabineweiss.le-pic.org\/wp-content\/uploads\/2025\/05\/aLLONSY-A-VELO.zip-2-724x1024.png\" alt=\"\" class=\"wp-image-1240\" srcset=\"https:\/\/fcpe-college-sabineweiss.le-pic.org\/wp-content\/uploads\/2025\/05\/aLLONSY-A-VELO.zip-2-724x1024.png 724w, https:\/\/fcpe-college-sabineweiss.le-pic.org\/wp-content\/uploads\/2025\/05\/aLLONSY-A-VELO.zip-2-212x300.png 212w, https:\/\/fcpe-college-sabineweiss.le-pic.org\/wp-content\/uploads\/2025\/05\/aLLONSY-A-VELO.zip-2-768x1086.png 768w, https:\/\/fcpe-college-sabineweiss.le-pic.org\/wp-content\/uploads\/2025\/05\/aLLONSY-A-VELO.zip-2-1086x1536.png 1086w, https:\/\/fcpe-college-sabineweiss.le-pic.org\/wp-content\/uploads\/2025\/05\/aLLONSY-A-VELO.zip-2-1448x2048.png 1448w, https:\/\/fcpe-college-sabineweiss.le-pic.org\/wp-content\/uploads\/2025\/05\/aLLONSY-A-VELO.zip-2-624x883.png 624w, https:\/\/fcpe-college-sabineweiss.le-pic.org\/wp-content\/uploads\/2025\/05\/aLLONSY-A-VELO.zip-2.png 1587w\" sizes=\"auto, (max-width: 724px) 100vw, 724px\" \/><\/figure>\n\n\n\n<p>Il y a maintenant 3 possibilit\u00e9s de participer \u00e0 ce d\u00e9fi : <\/p>\n\n\n\n<ul class=\"wp-block-list\">\n<li>le <a href=\"https:\/\/www.ayav.fr\/ayavtribu\/\">AYAV Tribu<\/a>, o\u00f9 il est propos\u00e9 aux familles de remplacer la voiture par du v\u00e9lo pendant 1 mois<\/li>\n\n\n\n<li>le<a href=\"https:\/\/www.ayav.fr\/ayavboum\/\"> AYAV Boum,<\/a> pour se motiver entre amis \u00e0 participer \u00e0 des \u00e9v\u00e9nements festifs de la r\u00e9gion et d&rsquo;y aller en v\u00e9lo<\/li>\n\n\n\n<li>le<a href=\"https:\/\/www.ayav.fr\/ayavtaf\/\"> AYAV taf,<\/a> qui correspond au challenge auquel nous participons tous les ans. <\/li>\n<\/ul>\n\n\n\n<p>Sans rentrer dans le d\u00e9tails des nombreux changements propos\u00e9s pour la participation de cette ann\u00e9e, nous allons rester sur le fonctionnement habituel, c&rsquo;est-\u00e0-dire l&rsquo;organisation sur une seule journ\u00e9e (le vendredi 16 mai) parmi les 2 semaines propos\u00e9es. L&rsquo;objectif est d&rsquo;inciter un maximum d&rsquo;enfants \u00e0 venir au coll\u00e8ge \u00e0 v\u00e9lo. Ce mode de locomotion pr\u00e9sente de tr\u00e8s nombreuses avantages pour les \u00e9l\u00e8ves du niveau coll\u00e8ge : <\/p>\n\n\n\n<ul class=\"wp-block-list\">\n<li>d&rsquo;\u00eatre ind\u00e9pendant<\/li>\n\n\n\n<li>d&rsquo;\u00eatre gratuit et \u00e9cologique<\/li>\n\n\n\n<li>de faire une activit\u00e9 sportive tous les jours<\/li>\n\n\n\n<li>de rentrer avec les copains<\/li>\n<\/ul>\n\n\n\n<p>Nous sommes bien conscients qu&rsquo;en fonction de votre lieu d&rsquo;habitat, il est plus ou moins facile d&rsquo;acc\u00e9der au coll\u00e8ge Sabine Weiss, toutefois, pour une tr\u00e8s grande majorit\u00e9 d&rsquo;entre vous, il existe des pistes cyclable pour venir depuis votre lieu d&rsquo;habitation jusqu&rsquo;au coll\u00e8ge, pourquoi ne pas profiter de cette journ\u00e9e pour venir en v\u00e9lo ? (ou trottinette non \u00e9lectrique, rollers, skate). Vos enfants y prendront peut-\u00eatre go\u00fbt et ne voudrons plus venir qu&rsquo;en v\u00e9lo \ud83d\ude42<\/p>\n\n\n\n<p>Dans l&rsquo;article de l&rsquo;an dernier, nous vous donnions des \u00e9l\u00e9ments pour venir en v\u00e9lo : <\/p>\n\n\n\n<ul class=\"wp-block-list\">\n<li>Article AYAV r\u00e9sultats 2024 : <a href=\"https:\/\/fcpe-college-sabineweiss.le-pic.org\/index.php\/2024\/06\/19\/resultats-de-la-participation-au-challenge-ayav-2024\/\">https:\/\/fcpe-college-sabineweiss.le-pic.org\/index.php\/2024\/06\/19\/resultats-de-la-participation-au-challenge-ayav-2024\/<\/a><\/li>\n\n\n\n<li>Article pr\u00e9paration AYAV 2024 :<a href=\" https:\/\/fcpe-college-sabineweiss.le-pic.org\/index.php\/2024\/06\/02\/ayav-printemps-2024-au-college-guilhermy\/\"> https:\/\/fcpe-college-sabineweiss.le-pic.org\/index.php\/2024\/06\/02\/ayav-printemps-2024-au-college-guilhermy\/<\/a><\/li>\n\n\n\n<li>Article AYAV r\u00e9sultat 2023 : <a href=\"https:\/\/fcpe-college-sabineweiss.le-pic.org\/index.php\/2023\/10\/06\/retour-sur-le-challenge-ayav-de-juin-2023\/\">https:\/\/fcpe-college-sabineweiss.le-pic.org\/index.php\/2023\/10\/06\/retour-sur-le-challenge-ayav-de-juin-2023\/<\/a><\/li>\n\n\n\n<li>Article pr\u00e9sentation AYAV 2023 : <a href=\"https:\/\/fcpe-college-sabineweiss.le-pic.org\/index.php\/2023\/05\/22\/challengea-ayav-le-2-juin\/\">https:\/\/fcpe-college-sabineweiss.le-pic.org\/index.php\/2023\/05\/22\/challengea-ayav-le-2-juin\/<\/a><\/li>\n<\/ul>\n\n\n\n<p>Comme les ann\u00e9es pr\u00e9c\u00e9dentes, nous effectuerons un tirage au sort parmi les participants pour les r\u00e9compenser avec des nouveaut\u00e9s cette ann\u00e9e fournis par les partenaires d&rsquo;AYAV : des stickers de visibilit\u00e9, des \u00e9clairages, des pompes \u00e0 v\u00e9lo, un support pour smartphone, sonnettes, des r\u00e9flecteurs pour v\u00e9lo. Et il nous reste encore de nombreux lots parmi des T-shirts, des casquettes, des sonnettes, pompes \u00e0 v\u00e9lo, kit de r\u00e9paration, protection de selles, gilets fluo, gourde, \u00e9cocup, cadenas&#8230;<\/p>\n\n\n\n<p>Motiver vos enfants \u00e0 participer \ud83d\ude42<\/p>\n\n\n\n<figure class=\"wp-block-image size-large\"><img loading=\"lazy\" decoding=\"async\" width=\"1024\" height=\"1018\" src=\"https:\/\/fcpe-college-sabineweiss.le-pic.org\/wp-content\/uploads\/2025\/05\/1130656-1024x1018.jpg\" alt=\"\" class=\"wp-image-1241\" srcset=\"https:\/\/fcpe-college-sabineweiss.le-pic.org\/wp-content\/uploads\/2025\/05\/1130656-1024x1018.jpg 1024w, https:\/\/fcpe-college-sabineweiss.le-pic.org\/wp-content\/uploads\/2025\/05\/1130656-300x298.jpg 300w, https:\/\/fcpe-college-sabineweiss.le-pic.org\/wp-content\/uploads\/2025\/05\/1130656-150x150.jpg 150w, https:\/\/fcpe-college-sabineweiss.le-pic.org\/wp-content\/uploads\/2025\/05\/1130656-768x764.jpg 768w, https:\/\/fcpe-college-sabineweiss.le-pic.org\/wp-content\/uploads\/2025\/05\/1130656-1536x1528.jpg 1536w, https:\/\/fcpe-college-sabineweiss.le-pic.org\/wp-content\/uploads\/2025\/05\/1130656-2048x2037.jpg 2048w, https:\/\/fcpe-college-sabineweiss.le-pic.org\/wp-content\/uploads\/2025\/05\/1130656-624x621.jpg 624w\" sizes=\"auto, (max-width: 1024px) 100vw, 1024px\" \/><\/figure>\n\n\n\n<figure class=\"wp-block-image size-large\"><img loading=\"lazy\" decoding=\"async\" width=\"1024\" height=\"769\" src=\"https:\/\/fcpe-college-sabineweiss.le-pic.org\/wp-content\/uploads\/2025\/05\/1130660-1024x769.jpg\" alt=\"\" class=\"wp-image-1242\" srcset=\"https:\/\/fcpe-college-sabineweiss.le-pic.org\/wp-content\/uploads\/2025\/05\/1130660-1024x769.jpg 1024w, https:\/\/fcpe-college-sabineweiss.le-pic.org\/wp-content\/uploads\/2025\/05\/1130660-300x225.jpg 300w, https:\/\/fcpe-college-sabineweiss.le-pic.org\/wp-content\/uploads\/2025\/05\/1130660-768x577.jpg 768w, https:\/\/fcpe-college-sabineweiss.le-pic.org\/wp-content\/uploads\/2025\/05\/1130660-1536x1153.jpg 1536w, https:\/\/fcpe-college-sabineweiss.le-pic.org\/wp-content\/uploads\/2025\/05\/1130660-2048x1538.jpg 2048w, https:\/\/fcpe-college-sabineweiss.le-pic.org\/wp-content\/uploads\/2025\/05\/1130660-624x469.jpg 624w\" sizes=\"auto, (max-width: 1024px) 100vw, 1024px\" \/><\/figure>\n\n\n\n<p>Et cette ann\u00e9e, les professeurs du coll\u00e8ge proposent d&rsquo;organiser une sortie \u00e0 v\u00e9lo pour la classe ayant le plus fort taux de participation !!!<\/p>\n\n\n\n<figure class=\"wp-block-image size-large\"><img loading=\"lazy\" decoding=\"async\" width=\"724\" height=\"1024\" src=\"https:\/\/fcpe-college-sabineweiss.le-pic.org\/wp-content\/uploads\/2025\/05\/aLLONSY-A-VELO.zip-1-724x1024.jpg\" alt=\"\" class=\"wp-image-1243\" srcset=\"https:\/\/fcpe-college-sabineweiss.le-pic.org\/wp-content\/uploads\/2025\/05\/aLLONSY-A-VELO.zip-1-724x1024.jpg 724w, https:\/\/fcpe-college-sabineweiss.le-pic.org\/wp-content\/uploads\/2025\/05\/aLLONSY-A-VELO.zip-1-212x300.jpg 212w, https:\/\/fcpe-college-sabineweiss.le-pic.org\/wp-content\/uploads\/2025\/05\/aLLONSY-A-VELO.zip-1-768x1086.jpg 768w, https:\/\/fcpe-college-sabineweiss.le-pic.org\/wp-content\/uploads\/2025\/05\/aLLONSY-A-VELO.zip-1-1086x1536.jpg 1086w, https:\/\/fcpe-college-sabineweiss.le-pic.org\/wp-content\/uploads\/2025\/05\/aLLONSY-A-VELO.zip-1-1448x2048.jpg 1448w, https:\/\/fcpe-college-sabineweiss.le-pic.org\/wp-content\/uploads\/2025\/05\/aLLONSY-A-VELO.zip-1-624x883.jpg 624w, https:\/\/fcpe-college-sabineweiss.le-pic.org\/wp-content\/uploads\/2025\/05\/aLLONSY-A-VELO.zip-1.jpg 1587w\" sizes=\"auto, (max-width: 724px) 100vw, 724px\" \/><\/figure>\n\n\n\n<p>Alors pr\u00eats \u00e0 motiver vos enfants pour participer ?<\/p>\n","protected":false},"excerpt":{"rendered":"<p>Pour la 3e ann\u00e9e cons\u00e9cutive, le coll\u00e8ge Sabine Weiss va participer au challenge AYAV (Allons-y \u00e0 v\u00e9lo). C&rsquo;est la 20e \u00e9dition de ce challenge. Ce challenge propose \u00e0 l&rsquo;ensemble des Toulousains de participer \u00e0 un d\u00e9fi sportif sur tout le p\u00e9rim\u00e8tre de Tiss\u00e9o. Pour cette nouvelle \u00e9dition, le site internet a fait peau neuve : [&hellip;]<\/p>\n","protected":false},"author":2,"featured_media":0,"comment_status":"open","ping_status":"open","sticky":false,"template":"","format":"standard","meta":{"footnotes":""},"categories":[1],"tags":[],"class_list":["post-1239","post","type-post","status-publish","format-standard","hentry","category-non-classe"],"yoast_head":"<!-- This site is optimized with the Yoast SEO plugin v27.4 - https:\/\/yoast.com\/product\/yoast-seo-wordpress\/ -->\n<title>AYAV Printemps 2025 : vendredi 16 mai - FCPE Coll\u00e8ge Sabine Weiss Toulouse<\/title>\n<meta name=\"robots\" content=\"index, follow, max-snippet:-1, max-image-preview:large, max-video-preview:-1\" \/>\n<link rel=\"canonical\" href=\"https:\/\/fcpe-college-sabineweiss.le-pic.org\/index.php\/2025\/05\/09\/ayav-printemps-2025-vendredi-16-mai\/\" \/>\n<meta property=\"og:locale\" content=\"fr_FR\" \/>\n<meta property=\"og:type\" content=\"article\" \/>\n<meta property=\"og:title\" content=\"AYAV Printemps 2025 : vendredi 16 mai - FCPE Coll\u00e8ge Sabine Weiss Toulouse\" \/>\n<meta property=\"og:description\" content=\"Pour la 3e ann\u00e9e cons\u00e9cutive, le coll\u00e8ge Sabine Weiss va participer au challenge AYAV (Allons-y \u00e0 v\u00e9lo). C&rsquo;est la 20e \u00e9dition de ce challenge. Ce challenge propose \u00e0 l&rsquo;ensemble des Toulousains de participer \u00e0 un d\u00e9fi sportif sur tout le p\u00e9rim\u00e8tre de Tiss\u00e9o. Pour cette nouvelle \u00e9dition, le site internet a fait peau neuve : [&hellip;]\" \/>\n<meta property=\"og:url\" content=\"https:\/\/fcpe-college-sabineweiss.le-pic.org\/index.php\/2025\/05\/09\/ayav-printemps-2025-vendredi-16-mai\/\" \/>\n<meta property=\"og:site_name\" content=\"FCPE Coll\u00e8ge Sabine Weiss Toulouse\" \/>\n<meta property=\"article:publisher\" content=\"https:\/\/www.facebook.com\/groups\/collegeguilhermy\" \/>\n<meta property=\"article:published_time\" content=\"2025-05-09T13:35:13+00:00\" \/>\n<meta property=\"article:modified_time\" content=\"2025-05-09T13:35:16+00:00\" \/>\n<meta property=\"og:image\" content=\"https:\/\/fcpe-college-sabineweiss.le-pic.org\/wp-content\/uploads\/2025\/05\/aLLONSY-A-VELO.zip-2.png\" \/>\n\t<meta property=\"og:image:width\" content=\"1587\" \/>\n\t<meta property=\"og:image:height\" content=\"2245\" \/>\n\t<meta property=\"og:image:type\" content=\"image\/png\" \/>\n<meta name=\"author\" content=\"FCPE Coll\u00e8ge Sabine Weiss\" \/>\n<meta name=\"twitter:card\" content=\"summary_large_image\" \/>\n<meta name=\"twitter:label1\" content=\"\u00c9crit par\" \/>\n\t<meta name=\"twitter:data1\" content=\"FCPE Coll\u00e8ge Sabine Weiss\" \/>\n\t<meta name=\"twitter:label2\" content=\"Dur\u00e9e de lecture estim\u00e9e\" \/>\n\t<meta name=\"twitter:data2\" content=\"3 minutes\" \/>\n<script type=\"application\/ld+json\" class=\"yoast-schema-graph\">{\"@context\":\"https:\\\/\\\/schema.org\",\"@graph\":[{\"@type\":\"Article\",\"@id\":\"https:\\\/\\\/fcpe-college-sabineweiss.le-pic.org\\\/index.php\\\/2025\\\/05\\\/09\\\/ayav-printemps-2025-vendredi-16-mai\\\/#article\",\"isPartOf\":{\"@id\":\"https:\\\/\\\/fcpe-college-sabineweiss.le-pic.org\\\/index.php\\\/2025\\\/05\\\/09\\\/ayav-printemps-2025-vendredi-16-mai\\\/\"},\"author\":{\"name\":\"FCPE Coll\u00e8ge Sabine Weiss\",\"@id\":\"https:\\\/\\\/fcpe-college-sabineweiss.le-pic.org\\\/#\\\/schema\\\/person\\\/df816da733fe0f1db108002ccda92e5f\"},\"headline\":\"AYAV Printemps 2025 : vendredi 16 mai\",\"datePublished\":\"2025-05-09T13:35:13+00:00\",\"dateModified\":\"2025-05-09T13:35:16+00:00\",\"mainEntityOfPage\":{\"@id\":\"https:\\\/\\\/fcpe-college-sabineweiss.le-pic.org\\\/index.php\\\/2025\\\/05\\\/09\\\/ayav-printemps-2025-vendredi-16-mai\\\/\"},\"wordCount\":511,\"commentCount\":0,\"publisher\":{\"@id\":\"https:\\\/\\\/fcpe-college-sabineweiss.le-pic.org\\\/#organization\"},\"image\":{\"@id\":\"https:\\\/\\\/fcpe-college-sabineweiss.le-pic.org\\\/index.php\\\/2025\\\/05\\\/09\\\/ayav-printemps-2025-vendredi-16-mai\\\/#primaryimage\"},\"thumbnailUrl\":\"https:\\\/\\\/fcpe-college-sabineweiss.le-pic.org\\\/wp-content\\\/uploads\\\/2025\\\/05\\\/aLLONSY-A-VELO.zip-2-724x1024.png\",\"inLanguage\":\"fr-FR\",\"potentialAction\":[{\"@type\":\"CommentAction\",\"name\":\"Comment\",\"target\":[\"https:\\\/\\\/fcpe-college-sabineweiss.le-pic.org\\\/index.php\\\/2025\\\/05\\\/09\\\/ayav-printemps-2025-vendredi-16-mai\\\/#respond\"]}]},{\"@type\":\"WebPage\",\"@id\":\"https:\\\/\\\/fcpe-college-sabineweiss.le-pic.org\\\/index.php\\\/2025\\\/05\\\/09\\\/ayav-printemps-2025-vendredi-16-mai\\\/\",\"url\":\"https:\\\/\\\/fcpe-college-sabineweiss.le-pic.org\\\/index.php\\\/2025\\\/05\\\/09\\\/ayav-printemps-2025-vendredi-16-mai\\\/\",\"name\":\"AYAV Printemps 2025 : vendredi 16 mai - FCPE Coll\u00e8ge Sabine Weiss Toulouse\",\"isPartOf\":{\"@id\":\"https:\\\/\\\/fcpe-college-sabineweiss.le-pic.org\\\/#website\"},\"primaryImageOfPage\":{\"@id\":\"https:\\\/\\\/fcpe-college-sabineweiss.le-pic.org\\\/index.php\\\/2025\\\/05\\\/09\\\/ayav-printemps-2025-vendredi-16-mai\\\/#primaryimage\"},\"image\":{\"@id\":\"https:\\\/\\\/fcpe-college-sabineweiss.le-pic.org\\\/index.php\\\/2025\\\/05\\\/09\\\/ayav-printemps-2025-vendredi-16-mai\\\/#primaryimage\"},\"thumbnailUrl\":\"https:\\\/\\\/fcpe-college-sabineweiss.le-pic.org\\\/wp-content\\\/uploads\\\/2025\\\/05\\\/aLLONSY-A-VELO.zip-2-724x1024.png\",\"datePublished\":\"2025-05-09T13:35:13+00:00\",\"dateModified\":\"2025-05-09T13:35:16+00:00\",\"breadcrumb\":{\"@id\":\"https:\\\/\\\/fcpe-college-sabineweiss.le-pic.org\\\/index.php\\\/2025\\\/05\\\/09\\\/ayav-printemps-2025-vendredi-16-mai\\\/#breadcrumb\"},\"inLanguage\":\"fr-FR\",\"potentialAction\":[{\"@type\":\"ReadAction\",\"target\":[\"https:\\\/\\\/fcpe-college-sabineweiss.le-pic.org\\\/index.php\\\/2025\\\/05\\\/09\\\/ayav-printemps-2025-vendredi-16-mai\\\/\"]}]},{\"@type\":\"ImageObject\",\"inLanguage\":\"fr-FR\",\"@id\":\"https:\\\/\\\/fcpe-college-sabineweiss.le-pic.org\\\/index.php\\\/2025\\\/05\\\/09\\\/ayav-printemps-2025-vendredi-16-mai\\\/#primaryimage\",\"url\":\"https:\\\/\\\/fcpe-college-sabineweiss.le-pic.org\\\/wp-content\\\/uploads\\\/2025\\\/05\\\/aLLONSY-A-VELO.zip-2.png\",\"contentUrl\":\"https:\\\/\\\/fcpe-college-sabineweiss.le-pic.org\\\/wp-content\\\/uploads\\\/2025\\\/05\\\/aLLONSY-A-VELO.zip-2.png\",\"width\":1587,\"height\":2245},{\"@type\":\"BreadcrumbList\",\"@id\":\"https:\\\/\\\/fcpe-college-sabineweiss.le-pic.org\\\/index.php\\\/2025\\\/05\\\/09\\\/ayav-printemps-2025-vendredi-16-mai\\\/#breadcrumb\",\"itemListElement\":[{\"@type\":\"ListItem\",\"position\":1,\"name\":\"Accueil\",\"item\":\"https:\\\/\\\/fcpe-college-sabineweiss.le-pic.org\\\/\"},{\"@type\":\"ListItem\",\"position\":2,\"name\":\"AYAV Printemps 2025 : vendredi 16 mai\"}]},{\"@type\":\"WebSite\",\"@id\":\"https:\\\/\\\/fcpe-college-sabineweiss.le-pic.org\\\/#website\",\"url\":\"https:\\\/\\\/fcpe-college-sabineweiss.le-pic.org\\\/\",\"name\":\"FCPE Coll\u00e8ge Sabine Weiss Toulouse\",\"description\":\"Agir, informer et repr\u00e9senter les parents d&#039;\u00e9l\u00e8ves du coll\u00e8ge Sabine Weiss de Toulouse (ex-Guilhermy)\",\"publisher\":{\"@id\":\"https:\\\/\\\/fcpe-college-sabineweiss.le-pic.org\\\/#organization\"},\"potentialAction\":[{\"@type\":\"SearchAction\",\"target\":{\"@type\":\"EntryPoint\",\"urlTemplate\":\"https:\\\/\\\/fcpe-college-sabineweiss.le-pic.org\\\/?s={search_term_string}\"},\"query-input\":{\"@type\":\"PropertyValueSpecification\",\"valueRequired\":true,\"valueName\":\"search_term_string\"}}],\"inLanguage\":\"fr-FR\"},{\"@type\":\"Organization\",\"@id\":\"https:\\\/\\\/fcpe-college-sabineweiss.le-pic.org\\\/#organization\",\"name\":\"FCPE Coll\u00e8ge Sabine Weiss Toulouse\",\"url\":\"https:\\\/\\\/fcpe-college-sabineweiss.le-pic.org\\\/\",\"logo\":{\"@type\":\"ImageObject\",\"inLanguage\":\"fr-FR\",\"@id\":\"https:\\\/\\\/fcpe-college-sabineweiss.le-pic.org\\\/#\\\/schema\\\/logo\\\/image\\\/\",\"url\":\"https:\\\/\\\/fcpe-college-sabineweiss.le-pic.org\\\/wp-content\\\/uploads\\\/2022\\\/10\\\/College.png\",\"contentUrl\":\"https:\\\/\\\/fcpe-college-sabineweiss.le-pic.org\\\/wp-content\\\/uploads\\\/2022\\\/10\\\/College.png\",\"width\":500,\"height\":500,\"caption\":\"FCPE Coll\u00e8ge Sabine Weiss Toulouse\"},\"image\":{\"@id\":\"https:\\\/\\\/fcpe-college-sabineweiss.le-pic.org\\\/#\\\/schema\\\/logo\\\/image\\\/\"},\"sameAs\":[\"https:\\\/\\\/www.facebook.com\\\/groups\\\/collegeguilhermy\"]},{\"@type\":\"Person\",\"@id\":\"https:\\\/\\\/fcpe-college-sabineweiss.le-pic.org\\\/#\\\/schema\\\/person\\\/df816da733fe0f1db108002ccda92e5f\",\"name\":\"FCPE Coll\u00e8ge Sabine Weiss\",\"image\":{\"@type\":\"ImageObject\",\"inLanguage\":\"fr-FR\",\"@id\":\"https:\\\/\\\/secure.gravatar.com\\\/avatar\\\/3258d0ff520da9e1df24c65b831bae9efb763c049e20b7f4b21a885604b77515?s=96&d=mm&r=g\",\"url\":\"https:\\\/\\\/secure.gravatar.com\\\/avatar\\\/3258d0ff520da9e1df24c65b831bae9efb763c049e20b7f4b21a885604b77515?s=96&d=mm&r=g\",\"contentUrl\":\"https:\\\/\\\/secure.gravatar.com\\\/avatar\\\/3258d0ff520da9e1df24c65b831bae9efb763c049e20b7f4b21a885604b77515?s=96&d=mm&r=g\",\"caption\":\"FCPE Coll\u00e8ge Sabine Weiss\"},\"url\":\"https:\\\/\\\/fcpe-college-sabineweiss.le-pic.org\\\/index.php\\\/author\\\/parentscollegeguilhermy\\\/\"}]}<\/script>\n<!-- \/ Yoast SEO plugin. -->","yoast_head_json":{"title":"AYAV Printemps 2025 : vendredi 16 mai - FCPE Coll\u00e8ge Sabine Weiss Toulouse","robots":{"index":"index","follow":"follow","max-snippet":"max-snippet:-1","max-image-preview":"max-image-preview:large","max-video-preview":"max-video-preview:-1"},"canonical":"https:\/\/fcpe-college-sabineweiss.le-pic.org\/index.php\/2025\/05\/09\/ayav-printemps-2025-vendredi-16-mai\/","og_locale":"fr_FR","og_type":"article","og_title":"AYAV Printemps 2025 : vendredi 16 mai - FCPE Coll\u00e8ge Sabine Weiss Toulouse","og_description":"Pour la 3e ann\u00e9e cons\u00e9cutive, le coll\u00e8ge Sabine Weiss va participer au challenge AYAV (Allons-y \u00e0 v\u00e9lo). C&rsquo;est la 20e \u00e9dition de ce challenge. Ce challenge propose \u00e0 l&rsquo;ensemble des Toulousains de participer \u00e0 un d\u00e9fi sportif sur tout le p\u00e9rim\u00e8tre de Tiss\u00e9o. Pour cette nouvelle \u00e9dition, le site internet a fait peau neuve : [&hellip;]","og_url":"https:\/\/fcpe-college-sabineweiss.le-pic.org\/index.php\/2025\/05\/09\/ayav-printemps-2025-vendredi-16-mai\/","og_site_name":"FCPE Coll\u00e8ge Sabine Weiss Toulouse","article_publisher":"https:\/\/www.facebook.com\/groups\/collegeguilhermy","article_published_time":"2025-05-09T13:35:13+00:00","article_modified_time":"2025-05-09T13:35:16+00:00","og_image":[{"width":1587,"height":2245,"url":"https:\/\/fcpe-college-sabineweiss.le-pic.org\/wp-content\/uploads\/2025\/05\/aLLONSY-A-VELO.zip-2.png","type":"image\/png"}],"author":"FCPE Coll\u00e8ge Sabine Weiss","twitter_card":"summary_large_image","twitter_misc":{"\u00c9crit par":"FCPE Coll\u00e8ge Sabine Weiss","Dur\u00e9e de lecture estim\u00e9e":"3 minutes"},"schema":{"@context":"https:\/\/schema.org","@graph":[{"@type":"Article","@id":"https:\/\/fcpe-college-sabineweiss.le-pic.org\/index.php\/2025\/05\/09\/ayav-printemps-2025-vendredi-16-mai\/#article","isPartOf":{"@id":"https:\/\/fcpe-college-sabineweiss.le-pic.org\/index.php\/2025\/05\/09\/ayav-printemps-2025-vendredi-16-mai\/"},"author":{"name":"FCPE Coll\u00e8ge Sabine Weiss","@id":"https:\/\/fcpe-college-sabineweiss.le-pic.org\/#\/schema\/person\/df816da733fe0f1db108002ccda92e5f"},"headline":"AYAV Printemps 2025 : vendredi 16 mai","datePublished":"2025-05-09T13:35:13+00:00","dateModified":"2025-05-09T13:35:16+00:00","mainEntityOfPage":{"@id":"https:\/\/fcpe-college-sabineweiss.le-pic.org\/index.php\/2025\/05\/09\/ayav-printemps-2025-vendredi-16-mai\/"},"wordCount":511,"commentCount":0,"publisher":{"@id":"https:\/\/fcpe-college-sabineweiss.le-pic.org\/#organization"},"image":{"@id":"https:\/\/fcpe-college-sabineweiss.le-pic.org\/index.php\/2025\/05\/09\/ayav-printemps-2025-vendredi-16-mai\/#primaryimage"},"thumbnailUrl":"https:\/\/fcpe-college-sabineweiss.le-pic.org\/wp-content\/uploads\/2025\/05\/aLLONSY-A-VELO.zip-2-724x1024.png","inLanguage":"fr-FR","potentialAction":[{"@type":"CommentAction","name":"Comment","target":["https:\/\/fcpe-college-sabineweiss.le-pic.org\/index.php\/2025\/05\/09\/ayav-printemps-2025-vendredi-16-mai\/#respond"]}]},{"@type":"WebPage","@id":"https:\/\/fcpe-college-sabineweiss.le-pic.org\/index.php\/2025\/05\/09\/ayav-printemps-2025-vendredi-16-mai\/","url":"https:\/\/fcpe-college-sabineweiss.le-pic.org\/index.php\/2025\/05\/09\/ayav-printemps-2025-vendredi-16-mai\/","name":"AYAV Printemps 2025 : vendredi 16 mai - FCPE Coll\u00e8ge Sabine Weiss Toulouse","isPartOf":{"@id":"https:\/\/fcpe-college-sabineweiss.le-pic.org\/#website"},"primaryImageOfPage":{"@id":"https:\/\/fcpe-college-sabineweiss.le-pic.org\/index.php\/2025\/05\/09\/ayav-printemps-2025-vendredi-16-mai\/#primaryimage"},"image":{"@id":"https:\/\/fcpe-college-sabineweiss.le-pic.org\/index.php\/2025\/05\/09\/ayav-printemps-2025-vendredi-16-mai\/#primaryimage"},"thumbnailUrl":"https:\/\/fcpe-college-sabineweiss.le-pic.org\/wp-content\/uploads\/2025\/05\/aLLONSY-A-VELO.zip-2-724x1024.png","datePublished":"2025-05-09T13:35:13+00:00","dateModified":"2025-05-09T13:35:16+00:00","breadcrumb":{"@id":"https:\/\/fcpe-college-sabineweiss.le-pic.org\/index.php\/2025\/05\/09\/ayav-printemps-2025-vendredi-16-mai\/#breadcrumb"},"inLanguage":"fr-FR","potentialAction":[{"@type":"ReadAction","target":["https:\/\/fcpe-college-sabineweiss.le-pic.org\/index.php\/2025\/05\/09\/ayav-printemps-2025-vendredi-16-mai\/"]}]},{"@type":"ImageObject","inLanguage":"fr-FR","@id":"https:\/\/fcpe-college-sabineweiss.le-pic.org\/index.php\/2025\/05\/09\/ayav-printemps-2025-vendredi-16-mai\/#primaryimage","url":"https:\/\/fcpe-college-sabineweiss.le-pic.org\/wp-content\/uploads\/2025\/05\/aLLONSY-A-VELO.zip-2.png","contentUrl":"https:\/\/fcpe-college-sabineweiss.le-pic.org\/wp-content\/uploads\/2025\/05\/aLLONSY-A-VELO.zip-2.png","width":1587,"height":2245},{"@type":"BreadcrumbList","@id":"https:\/\/fcpe-college-sabineweiss.le-pic.org\/index.php\/2025\/05\/09\/ayav-printemps-2025-vendredi-16-mai\/#breadcrumb","itemListElement":[{"@type":"ListItem","position":1,"name":"Accueil","item":"https:\/\/fcpe-college-sabineweiss.le-pic.org\/"},{"@type":"ListItem","position":2,"name":"AYAV Printemps 2025 : vendredi 16 mai"}]},{"@type":"WebSite","@id":"https:\/\/fcpe-college-sabineweiss.le-pic.org\/#website","url":"https:\/\/fcpe-college-sabineweiss.le-pic.org\/","name":"FCPE Coll\u00e8ge Sabine Weiss Toulouse","description":"Agir, informer et repr\u00e9senter les parents d&#039;\u00e9l\u00e8ves du coll\u00e8ge Sabine Weiss de Toulouse (ex-Guilhermy)","publisher":{"@id":"https:\/\/fcpe-college-sabineweiss.le-pic.org\/#organization"},"potentialAction":[{"@type":"SearchAction","target":{"@type":"EntryPoint","urlTemplate":"https:\/\/fcpe-college-sabineweiss.le-pic.org\/?s={search_term_string}"},"query-input":{"@type":"PropertyValueSpecification","valueRequired":true,"valueName":"search_term_string"}}],"inLanguage":"fr-FR"},{"@type":"Organization","@id":"https:\/\/fcpe-college-sabineweiss.le-pic.org\/#organization","name":"FCPE Coll\u00e8ge Sabine Weiss Toulouse","url":"https:\/\/fcpe-college-sabineweiss.le-pic.org\/","logo":{"@type":"ImageObject","inLanguage":"fr-FR","@id":"https:\/\/fcpe-college-sabineweiss.le-pic.org\/#\/schema\/logo\/image\/","url":"https:\/\/fcpe-college-sabineweiss.le-pic.org\/wp-content\/uploads\/2022\/10\/College.png","contentUrl":"https:\/\/fcpe-college-sabineweiss.le-pic.org\/wp-content\/uploads\/2022\/10\/College.png","width":500,"height":500,"caption":"FCPE Coll\u00e8ge Sabine Weiss Toulouse"},"image":{"@id":"https:\/\/fcpe-college-sabineweiss.le-pic.org\/#\/schema\/logo\/image\/"},"sameAs":["https:\/\/www.facebook.com\/groups\/collegeguilhermy"]},{"@type":"Person","@id":"https:\/\/fcpe-college-sabineweiss.le-pic.org\/#\/schema\/person\/df816da733fe0f1db108002ccda92e5f","name":"FCPE Coll\u00e8ge Sabine Weiss","image":{"@type":"ImageObject","inLanguage":"fr-FR","@id":"https:\/\/secure.gravatar.com\/avatar\/3258d0ff520da9e1df24c65b831bae9efb763c049e20b7f4b21a885604b77515?s=96&d=mm&r=g","url":"https:\/\/secure.gravatar.com\/avatar\/3258d0ff520da9e1df24c65b831bae9efb763c049e20b7f4b21a885604b77515?s=96&d=mm&r=g","contentUrl":"https:\/\/secure.gravatar.com\/avatar\/3258d0ff520da9e1df24c65b831bae9efb763c049e20b7f4b21a885604b77515?s=96&d=mm&r=g","caption":"FCPE Coll\u00e8ge Sabine Weiss"},"url":"https:\/\/fcpe-college-sabineweiss.le-pic.org\/index.php\/author\/parentscollegeguilhermy\/"}]}},"_links":{"self":[{"href":"https:\/\/fcpe-college-sabineweiss.le-pic.org\/index.php\/wp-json\/wp\/v2\/posts\/1239","targetHints":{"allow":["GET"]}}],"collection":[{"href":"https:\/\/fcpe-college-sabineweiss.le-pic.org\/index.php\/wp-json\/wp\/v2\/posts"}],"about":[{"href":"https:\/\/fcpe-college-sabineweiss.le-pic.org\/index.php\/wp-json\/wp\/v2\/types\/post"}],"author":[{"embeddable":true,"href":"https:\/\/fcpe-college-sabineweiss.le-pic.org\/index.php\/wp-json\/wp\/v2\/users\/2"}],"replies":[{"embeddable":true,"href":"https:\/\/fcpe-college-sabineweiss.le-pic.org\/index.php\/wp-json\/wp\/v2\/comments?post=1239"}],"version-history":[{"count":1,"href":"https:\/\/fcpe-college-sabineweiss.le-pic.org\/index.php\/wp-json\/wp\/v2\/posts\/1239\/revisions"}],"predecessor-version":[{"id":1244,"href":"https:\/\/fcpe-college-sabineweiss.le-pic.org\/index.php\/wp-json\/wp\/v2\/posts\/1239\/revisions\/1244"}],"wp:attachment":[{"href":"https:\/\/fcpe-college-sabineweiss.le-pic.org\/index.php\/wp-json\/wp\/v2\/media?parent=1239"}],"wp:term":[{"taxonomy":"category","embeddable":true,"href":"https:\/\/fcpe-college-sabineweiss.le-pic.org\/index.php\/wp-json\/wp\/v2\/categories?post=1239"},{"taxonomy":"post_tag","embeddable":true,"href":"https:\/\/fcpe-college-sabineweiss.le-pic.org\/index.php\/wp-json\/wp\/v2\/tags?post=1239"}],"curies":[{"name":"wp","href":"https:\/\/api.w.org\/{rel}","templated":true}]}}