{"id":1207,"date":"2024-09-21T15:53:18","date_gmt":"2024-09-21T13:53:18","guid":{"rendered":"https:\/\/fcpe-college-sabineweiss.le-pic.org\/?p=1207"},"modified":"2024-09-21T15:53:20","modified_gmt":"2024-09-21T13:53:20","slug":"rentree-2024-2025-penurie-de-professeurs-de-francais","status":"publish","type":"post","link":"https:\/\/fcpe-college-sabineweiss.le-pic.org\/index.php\/2024\/09\/21\/rentree-2024-2025-penurie-de-professeurs-de-francais\/","title":{"rendered":"Rentr\u00e9e 2024-2025 : p\u00e9nurie de professeurs de fran\u00e7ais ?"},"content":{"rendered":"\n<p>Pour cette rentr\u00e9e 2024-2025, la situation semblait moins compliqu\u00e9e que l&rsquo;ann\u00e9e pr\u00e9c\u00e9dente : <\/p>\n\n\n\n<ul class=\"wp-block-list\">\n<li>un prof d&rsquo;anglais \u00e0 18h absente<\/li>\n\n\n\n<li>un prof d&rsquo;EPS 10h pas nomm\u00e9<\/li>\n\n\n\n<li>un prof de fran\u00e7ais en cong\u00e9 parental non remplac\u00e9<\/li>\n\n\n\n<li>un prof de fran\u00e7ais en arr\u00eat non remplac\u00e9<\/li>\n<\/ul>\n\n\n\n<p>Le prof d&rsquo;EPS et d&rsquo;anglais ont \u00e9t\u00e9 rapidement trouv\u00e9, toutefois au 17\/09, <strong>c&rsquo;est maintenant 3 professeurs de fran\u00e7ais qui ne sont pas remplac\u00e9s<\/strong> ! C&rsquo;est \u00e9norme et c&rsquo;est extr\u00eamement inqui\u00e9tant, d&rsquo;autant que la situation du coll\u00e8ge Sabine Weiss est loin d&rsquo;\u00eatre isol\u00e9e ! Il manque des professeurs de fran\u00e7ais dans d&rsquo;autres coll\u00e8ges du secteur et \u00e9galement dans les lyc\u00e9es&#8230;<\/p>\n\n\n\n<p>Notre situation concerne \u00e0 la fois des classes de 3\u00e8me, des classes de 6\u00e8me, 5\u00e8me et encore une fois les m\u00eames \u00e9l\u00e8ves qui sont maintenant en 4\u00e8me et qui n&rsquo;ont d\u00e9j\u00e0 quasiment pas eu de cours de fran\u00e7ais en 6\u00e8me et 5\u00e8me ! <\/p>\n\n\n\n<p>Nous avons alert\u00e9 le rectorat \u00e0 ce sujet par notre courrier du 18\/09 et cherchons \u00e9galement \u00e0 alerter Toulouse M\u00e9tropole car la difficult\u00e9 d&rsquo;accessibilit\u00e9 du coll\u00e8ge rend encore plus complexe les recrutements ! Le coll\u00e8ge a ouvert il y a 2 ans et il n&rsquo;y a eu aucune am\u00e9lioration concernant la desserte par un bus Tiss\u00e9o, et l&rsquo;\u00e9clairage des pistes cyclables ! <\/p>\n\n\n\n<div data-wp-interactive=\"core\/file\" class=\"wp-block-file\"><object data-wp-bind--hidden=\"!state.hasPdfPreview\" hidden class=\"wp-block-file__embed\" data=\"https:\/\/fcpe-college-sabineweiss.le-pic.org\/wp-content\/uploads\/2024\/09\/2024_09_18.Lettre-au-rectorat-non-remplacement-prof_OK-1.pdf\" type=\"application\/pdf\" style=\"width:100%;height:600px\" aria-label=\"Contenu embarqu\u00e9 2024_09_18.Lettre au rectorat non remplacement prof_OK (1).\"><\/object><a id=\"wp-block-file--media-5e1dca0b-39f6-41a3-b762-adb040120362\" href=\"https:\/\/fcpe-college-sabineweiss.le-pic.org\/wp-content\/uploads\/2024\/09\/2024_09_18.Lettre-au-rectorat-non-remplacement-prof_OK-1.pdf\">2024_09_18.Lettre au rectorat non remplacement prof_OK (1)<\/a><a href=\"https:\/\/fcpe-college-sabineweiss.le-pic.org\/wp-content\/uploads\/2024\/09\/2024_09_18.Lettre-au-rectorat-non-remplacement-prof_OK-1.pdf\" class=\"wp-block-file__button wp-element-button\" download aria-describedby=\"wp-block-file--media-5e1dca0b-39f6-41a3-b762-adb040120362\">T\u00e9l\u00e9charger<\/a><\/div>\n\n\n\n<div data-wp-interactive=\"core\/file\" class=\"wp-block-file\"><object data-wp-bind--hidden=\"!state.hasPdfPreview\" hidden class=\"wp-block-file__embed\" data=\"https:\/\/fcpe-college-sabineweiss.le-pic.org\/wp-content\/uploads\/2024\/09\/2024_09_18.Lettre-a-TM-accessibilite-securite-evolution.pdf\" type=\"application\/pdf\" style=\"width:100%;height:600px\" aria-label=\"Contenu embarqu\u00e9 2024_09_18.Lettre \u00e0 TM accessibilit\u00e9 s\u00e9curit\u00e9 \u00e9volution.\"><\/object><a id=\"wp-block-file--media-13e89cd3-9089-4358-b392-5a271126c66a\" href=\"https:\/\/fcpe-college-sabineweiss.le-pic.org\/wp-content\/uploads\/2024\/09\/2024_09_18.Lettre-a-TM-accessibilite-securite-evolution.pdf\">2024_09_18.Lettre \u00e0 TM accessibilit\u00e9 s\u00e9curit\u00e9 \u00e9volution<\/a><a href=\"https:\/\/fcpe-college-sabineweiss.le-pic.org\/wp-content\/uploads\/2024\/09\/2024_09_18.Lettre-a-TM-accessibilite-securite-evolution.pdf\" class=\"wp-block-file__button wp-element-button\" download aria-describedby=\"wp-block-file--media-13e89cd3-9089-4358-b392-5a271126c66a\">T\u00e9l\u00e9charger<\/a><\/div>\n","protected":false},"excerpt":{"rendered":"<p>Pour cette rentr\u00e9e 2024-2025, la situation semblait moins compliqu\u00e9e que l&rsquo;ann\u00e9e pr\u00e9c\u00e9dente : Le prof d&rsquo;EPS et d&rsquo;anglais ont \u00e9t\u00e9 rapidement trouv\u00e9, toutefois au 17\/09, c&rsquo;est maintenant 3 professeurs de fran\u00e7ais qui ne sont pas remplac\u00e9s ! C&rsquo;est \u00e9norme et c&rsquo;est extr\u00eamement inqui\u00e9tant, d&rsquo;autant que la situation du coll\u00e8ge Sabine Weiss est loin d&rsquo;\u00eatre isol\u00e9e [&hellip;]<\/p>\n","protected":false},"author":2,"featured_media":0,"comment_status":"open","ping_status":"open","sticky":false,"template":"","format":"standard","meta":{"footnotes":""},"categories":[1],"tags":[],"class_list":["post-1207","post","type-post","status-publish","format-standard","hentry","category-non-classe"],"yoast_head":"<!-- This site is optimized with the Yoast SEO plugin v27.4 - https:\/\/yoast.com\/product\/yoast-seo-wordpress\/ -->\n<title>Rentr\u00e9e 2024-2025 : p\u00e9nurie de professeurs de fran\u00e7ais ? - FCPE Coll\u00e8ge Sabine Weiss Toulouse<\/title>\n<meta name=\"robots\" content=\"index, follow, max-snippet:-1, max-image-preview:large, max-video-preview:-1\" \/>\n<link rel=\"canonical\" href=\"https:\/\/fcpe-college-sabineweiss.le-pic.org\/index.php\/2024\/09\/21\/rentree-2024-2025-penurie-de-professeurs-de-francais\/\" \/>\n<meta property=\"og:locale\" content=\"fr_FR\" \/>\n<meta property=\"og:type\" content=\"article\" \/>\n<meta property=\"og:title\" content=\"Rentr\u00e9e 2024-2025 : p\u00e9nurie de professeurs de fran\u00e7ais ? - FCPE Coll\u00e8ge Sabine Weiss Toulouse\" \/>\n<meta property=\"og:description\" content=\"Pour cette rentr\u00e9e 2024-2025, la situation semblait moins compliqu\u00e9e que l&rsquo;ann\u00e9e pr\u00e9c\u00e9dente : Le prof d&rsquo;EPS et d&rsquo;anglais ont \u00e9t\u00e9 rapidement trouv\u00e9, toutefois au 17\/09, c&rsquo;est maintenant 3 professeurs de fran\u00e7ais qui ne sont pas remplac\u00e9s ! C&rsquo;est \u00e9norme et c&rsquo;est extr\u00eamement inqui\u00e9tant, d&rsquo;autant que la situation du coll\u00e8ge Sabine Weiss est loin d&rsquo;\u00eatre isol\u00e9e [&hellip;]\" \/>\n<meta property=\"og:url\" content=\"https:\/\/fcpe-college-sabineweiss.le-pic.org\/index.php\/2024\/09\/21\/rentree-2024-2025-penurie-de-professeurs-de-francais\/\" \/>\n<meta property=\"og:site_name\" content=\"FCPE Coll\u00e8ge Sabine Weiss Toulouse\" \/>\n<meta property=\"article:publisher\" content=\"https:\/\/www.facebook.com\/groups\/collegeguilhermy\" \/>\n<meta property=\"article:published_time\" content=\"2024-09-21T13:53:18+00:00\" \/>\n<meta property=\"article:modified_time\" content=\"2024-09-21T13:53:20+00:00\" \/>\n<meta property=\"og:image\" content=\"https:\/\/fcpe-college-sabineweiss.le-pic.org\/wp-content\/uploads\/2022\/10\/cropped-banniere-site-internet-3.png\" \/>\n\t<meta property=\"og:image:width\" content=\"960\" \/>\n\t<meta property=\"og:image:height\" content=\"250\" \/>\n\t<meta property=\"og:image:type\" content=\"image\/png\" \/>\n<meta name=\"author\" content=\"FCPE Coll\u00e8ge Sabine Weiss\" \/>\n<meta name=\"twitter:card\" content=\"summary_large_image\" \/>\n<meta name=\"twitter:label1\" content=\"\u00c9crit par\" \/>\n\t<meta name=\"twitter:data1\" content=\"FCPE Coll\u00e8ge Sabine Weiss\" \/>\n\t<meta name=\"twitter:label2\" content=\"Dur\u00e9e de lecture estim\u00e9e\" \/>\n\t<meta name=\"twitter:data2\" content=\"2 minutes\" \/>\n<script type=\"application\/ld+json\" class=\"yoast-schema-graph\">{\"@context\":\"https:\\\/\\\/schema.org\",\"@graph\":[{\"@type\":\"Article\",\"@id\":\"https:\\\/\\\/fcpe-college-sabineweiss.le-pic.org\\\/index.php\\\/2024\\\/09\\\/21\\\/rentree-2024-2025-penurie-de-professeurs-de-francais\\\/#article\",\"isPartOf\":{\"@id\":\"https:\\\/\\\/fcpe-college-sabineweiss.le-pic.org\\\/index.php\\\/2024\\\/09\\\/21\\\/rentree-2024-2025-penurie-de-professeurs-de-francais\\\/\"},\"author\":{\"name\":\"FCPE Coll\u00e8ge Sabine Weiss\",\"@id\":\"https:\\\/\\\/fcpe-college-sabineweiss.le-pic.org\\\/#\\\/schema\\\/person\\\/df816da733fe0f1db108002ccda92e5f\"},\"headline\":\"Rentr\u00e9e 2024-2025 : p\u00e9nurie de professeurs de fran\u00e7ais ?\",\"datePublished\":\"2024-09-21T13:53:18+00:00\",\"dateModified\":\"2024-09-21T13:53:20+00:00\",\"mainEntityOfPage\":{\"@id\":\"https:\\\/\\\/fcpe-college-sabineweiss.le-pic.org\\\/index.php\\\/2024\\\/09\\\/21\\\/rentree-2024-2025-penurie-de-professeurs-de-francais\\\/\"},\"wordCount\":262,\"commentCount\":0,\"publisher\":{\"@id\":\"https:\\\/\\\/fcpe-college-sabineweiss.le-pic.org\\\/#organization\"},\"inLanguage\":\"fr-FR\",\"potentialAction\":[{\"@type\":\"CommentAction\",\"name\":\"Comment\",\"target\":[\"https:\\\/\\\/fcpe-college-sabineweiss.le-pic.org\\\/index.php\\\/2024\\\/09\\\/21\\\/rentree-2024-2025-penurie-de-professeurs-de-francais\\\/#respond\"]}]},{\"@type\":\"WebPage\",\"@id\":\"https:\\\/\\\/fcpe-college-sabineweiss.le-pic.org\\\/index.php\\\/2024\\\/09\\\/21\\\/rentree-2024-2025-penurie-de-professeurs-de-francais\\\/\",\"url\":\"https:\\\/\\\/fcpe-college-sabineweiss.le-pic.org\\\/index.php\\\/2024\\\/09\\\/21\\\/rentree-2024-2025-penurie-de-professeurs-de-francais\\\/\",\"name\":\"Rentr\u00e9e 2024-2025 : p\u00e9nurie de professeurs de fran\u00e7ais ? - FCPE Coll\u00e8ge Sabine Weiss Toulouse\",\"isPartOf\":{\"@id\":\"https:\\\/\\\/fcpe-college-sabineweiss.le-pic.org\\\/#website\"},\"datePublished\":\"2024-09-21T13:53:18+00:00\",\"dateModified\":\"2024-09-21T13:53:20+00:00\",\"breadcrumb\":{\"@id\":\"https:\\\/\\\/fcpe-college-sabineweiss.le-pic.org\\\/index.php\\\/2024\\\/09\\\/21\\\/rentree-2024-2025-penurie-de-professeurs-de-francais\\\/#breadcrumb\"},\"inLanguage\":\"fr-FR\",\"potentialAction\":[{\"@type\":\"ReadAction\",\"target\":[\"https:\\\/\\\/fcpe-college-sabineweiss.le-pic.org\\\/index.php\\\/2024\\\/09\\\/21\\\/rentree-2024-2025-penurie-de-professeurs-de-francais\\\/\"]}]},{\"@type\":\"BreadcrumbList\",\"@id\":\"https:\\\/\\\/fcpe-college-sabineweiss.le-pic.org\\\/index.php\\\/2024\\\/09\\\/21\\\/rentree-2024-2025-penurie-de-professeurs-de-francais\\\/#breadcrumb\",\"itemListElement\":[{\"@type\":\"ListItem\",\"position\":1,\"name\":\"Accueil\",\"item\":\"https:\\\/\\\/fcpe-college-sabineweiss.le-pic.org\\\/\"},{\"@type\":\"ListItem\",\"position\":2,\"name\":\"Rentr\u00e9e 2024-2025 : p\u00e9nurie de professeurs de fran\u00e7ais ?\"}]},{\"@type\":\"WebSite\",\"@id\":\"https:\\\/\\\/fcpe-college-sabineweiss.le-pic.org\\\/#website\",\"url\":\"https:\\\/\\\/fcpe-college-sabineweiss.le-pic.org\\\/\",\"name\":\"FCPE Coll\u00e8ge Sabine Weiss Toulouse\",\"description\":\"Agir, informer et repr\u00e9senter les parents d&#039;\u00e9l\u00e8ves du coll\u00e8ge Sabine Weiss de Toulouse (ex-Guilhermy)\",\"publisher\":{\"@id\":\"https:\\\/\\\/fcpe-college-sabineweiss.le-pic.org\\\/#organization\"},\"potentialAction\":[{\"@type\":\"SearchAction\",\"target\":{\"@type\":\"EntryPoint\",\"urlTemplate\":\"https:\\\/\\\/fcpe-college-sabineweiss.le-pic.org\\\/?s={search_term_string}\"},\"query-input\":{\"@type\":\"PropertyValueSpecification\",\"valueRequired\":true,\"valueName\":\"search_term_string\"}}],\"inLanguage\":\"fr-FR\"},{\"@type\":\"Organization\",\"@id\":\"https:\\\/\\\/fcpe-college-sabineweiss.le-pic.org\\\/#organization\",\"name\":\"FCPE Coll\u00e8ge Sabine Weiss Toulouse\",\"url\":\"https:\\\/\\\/fcpe-college-sabineweiss.le-pic.org\\\/\",\"logo\":{\"@type\":\"ImageObject\",\"inLanguage\":\"fr-FR\",\"@id\":\"https:\\\/\\\/fcpe-college-sabineweiss.le-pic.org\\\/#\\\/schema\\\/logo\\\/image\\\/\",\"url\":\"https:\\\/\\\/fcpe-college-sabineweiss.le-pic.org\\\/wp-content\\\/uploads\\\/2022\\\/10\\\/College.png\",\"contentUrl\":\"https:\\\/\\\/fcpe-college-sabineweiss.le-pic.org\\\/wp-content\\\/uploads\\\/2022\\\/10\\\/College.png\",\"width\":500,\"height\":500,\"caption\":\"FCPE Coll\u00e8ge Sabine Weiss Toulouse\"},\"image\":{\"@id\":\"https:\\\/\\\/fcpe-college-sabineweiss.le-pic.org\\\/#\\\/schema\\\/logo\\\/image\\\/\"},\"sameAs\":[\"https:\\\/\\\/www.facebook.com\\\/groups\\\/collegeguilhermy\"]},{\"@type\":\"Person\",\"@id\":\"https:\\\/\\\/fcpe-college-sabineweiss.le-pic.org\\\/#\\\/schema\\\/person\\\/df816da733fe0f1db108002ccda92e5f\",\"name\":\"FCPE Coll\u00e8ge Sabine Weiss\",\"image\":{\"@type\":\"ImageObject\",\"inLanguage\":\"fr-FR\",\"@id\":\"https:\\\/\\\/secure.gravatar.com\\\/avatar\\\/3258d0ff520da9e1df24c65b831bae9efb763c049e20b7f4b21a885604b77515?s=96&d=mm&r=g\",\"url\":\"https:\\\/\\\/secure.gravatar.com\\\/avatar\\\/3258d0ff520da9e1df24c65b831bae9efb763c049e20b7f4b21a885604b77515?s=96&d=mm&r=g\",\"contentUrl\":\"https:\\\/\\\/secure.gravatar.com\\\/avatar\\\/3258d0ff520da9e1df24c65b831bae9efb763c049e20b7f4b21a885604b77515?s=96&d=mm&r=g\",\"caption\":\"FCPE Coll\u00e8ge Sabine Weiss\"},\"url\":\"https:\\\/\\\/fcpe-college-sabineweiss.le-pic.org\\\/index.php\\\/author\\\/parentscollegeguilhermy\\\/\"}]}<\/script>\n<!-- \/ Yoast SEO plugin. -->","yoast_head_json":{"title":"Rentr\u00e9e 2024-2025 : p\u00e9nurie de professeurs de fran\u00e7ais ? - FCPE Coll\u00e8ge Sabine Weiss Toulouse","robots":{"index":"index","follow":"follow","max-snippet":"max-snippet:-1","max-image-preview":"max-image-preview:large","max-video-preview":"max-video-preview:-1"},"canonical":"https:\/\/fcpe-college-sabineweiss.le-pic.org\/index.php\/2024\/09\/21\/rentree-2024-2025-penurie-de-professeurs-de-francais\/","og_locale":"fr_FR","og_type":"article","og_title":"Rentr\u00e9e 2024-2025 : p\u00e9nurie de professeurs de fran\u00e7ais ? - FCPE Coll\u00e8ge Sabine Weiss Toulouse","og_description":"Pour cette rentr\u00e9e 2024-2025, la situation semblait moins compliqu\u00e9e que l&rsquo;ann\u00e9e pr\u00e9c\u00e9dente : Le prof d&rsquo;EPS et d&rsquo;anglais ont \u00e9t\u00e9 rapidement trouv\u00e9, toutefois au 17\/09, c&rsquo;est maintenant 3 professeurs de fran\u00e7ais qui ne sont pas remplac\u00e9s ! C&rsquo;est \u00e9norme et c&rsquo;est extr\u00eamement inqui\u00e9tant, d&rsquo;autant que la situation du coll\u00e8ge Sabine Weiss est loin d&rsquo;\u00eatre isol\u00e9e [&hellip;]","og_url":"https:\/\/fcpe-college-sabineweiss.le-pic.org\/index.php\/2024\/09\/21\/rentree-2024-2025-penurie-de-professeurs-de-francais\/","og_site_name":"FCPE Coll\u00e8ge Sabine Weiss Toulouse","article_publisher":"https:\/\/www.facebook.com\/groups\/collegeguilhermy","article_published_time":"2024-09-21T13:53:18+00:00","article_modified_time":"2024-09-21T13:53:20+00:00","og_image":[{"width":960,"height":250,"url":"https:\/\/fcpe-college-sabineweiss.le-pic.org\/wp-content\/uploads\/2022\/10\/cropped-banniere-site-internet-3.png","type":"image\/png"}],"author":"FCPE Coll\u00e8ge Sabine Weiss","twitter_card":"summary_large_image","twitter_misc":{"\u00c9crit par":"FCPE Coll\u00e8ge Sabine Weiss","Dur\u00e9e de lecture estim\u00e9e":"2 minutes"},"schema":{"@context":"https:\/\/schema.org","@graph":[{"@type":"Article","@id":"https:\/\/fcpe-college-sabineweiss.le-pic.org\/index.php\/2024\/09\/21\/rentree-2024-2025-penurie-de-professeurs-de-francais\/#article","isPartOf":{"@id":"https:\/\/fcpe-college-sabineweiss.le-pic.org\/index.php\/2024\/09\/21\/rentree-2024-2025-penurie-de-professeurs-de-francais\/"},"author":{"name":"FCPE Coll\u00e8ge Sabine Weiss","@id":"https:\/\/fcpe-college-sabineweiss.le-pic.org\/#\/schema\/person\/df816da733fe0f1db108002ccda92e5f"},"headline":"Rentr\u00e9e 2024-2025 : p\u00e9nurie de professeurs de fran\u00e7ais ?","datePublished":"2024-09-21T13:53:18+00:00","dateModified":"2024-09-21T13:53:20+00:00","mainEntityOfPage":{"@id":"https:\/\/fcpe-college-sabineweiss.le-pic.org\/index.php\/2024\/09\/21\/rentree-2024-2025-penurie-de-professeurs-de-francais\/"},"wordCount":262,"commentCount":0,"publisher":{"@id":"https:\/\/fcpe-college-sabineweiss.le-pic.org\/#organization"},"inLanguage":"fr-FR","potentialAction":[{"@type":"CommentAction","name":"Comment","target":["https:\/\/fcpe-college-sabineweiss.le-pic.org\/index.php\/2024\/09\/21\/rentree-2024-2025-penurie-de-professeurs-de-francais\/#respond"]}]},{"@type":"WebPage","@id":"https:\/\/fcpe-college-sabineweiss.le-pic.org\/index.php\/2024\/09\/21\/rentree-2024-2025-penurie-de-professeurs-de-francais\/","url":"https:\/\/fcpe-college-sabineweiss.le-pic.org\/index.php\/2024\/09\/21\/rentree-2024-2025-penurie-de-professeurs-de-francais\/","name":"Rentr\u00e9e 2024-2025 : p\u00e9nurie de professeurs de fran\u00e7ais ? - FCPE Coll\u00e8ge Sabine Weiss Toulouse","isPartOf":{"@id":"https:\/\/fcpe-college-sabineweiss.le-pic.org\/#website"},"datePublished":"2024-09-21T13:53:18+00:00","dateModified":"2024-09-21T13:53:20+00:00","breadcrumb":{"@id":"https:\/\/fcpe-college-sabineweiss.le-pic.org\/index.php\/2024\/09\/21\/rentree-2024-2025-penurie-de-professeurs-de-francais\/#breadcrumb"},"inLanguage":"fr-FR","potentialAction":[{"@type":"ReadAction","target":["https:\/\/fcpe-college-sabineweiss.le-pic.org\/index.php\/2024\/09\/21\/rentree-2024-2025-penurie-de-professeurs-de-francais\/"]}]},{"@type":"BreadcrumbList","@id":"https:\/\/fcpe-college-sabineweiss.le-pic.org\/index.php\/2024\/09\/21\/rentree-2024-2025-penurie-de-professeurs-de-francais\/#breadcrumb","itemListElement":[{"@type":"ListItem","position":1,"name":"Accueil","item":"https:\/\/fcpe-college-sabineweiss.le-pic.org\/"},{"@type":"ListItem","position":2,"name":"Rentr\u00e9e 2024-2025 : p\u00e9nurie de professeurs de fran\u00e7ais ?"}]},{"@type":"WebSite","@id":"https:\/\/fcpe-college-sabineweiss.le-pic.org\/#website","url":"https:\/\/fcpe-college-sabineweiss.le-pic.org\/","name":"FCPE Coll\u00e8ge Sabine Weiss Toulouse","description":"Agir, informer et repr\u00e9senter les parents d&#039;\u00e9l\u00e8ves du coll\u00e8ge Sabine Weiss de Toulouse (ex-Guilhermy)","publisher":{"@id":"https:\/\/fcpe-college-sabineweiss.le-pic.org\/#organization"},"potentialAction":[{"@type":"SearchAction","target":{"@type":"EntryPoint","urlTemplate":"https:\/\/fcpe-college-sabineweiss.le-pic.org\/?s={search_term_string}"},"query-input":{"@type":"PropertyValueSpecification","valueRequired":true,"valueName":"search_term_string"}}],"inLanguage":"fr-FR"},{"@type":"Organization","@id":"https:\/\/fcpe-college-sabineweiss.le-pic.org\/#organization","name":"FCPE Coll\u00e8ge Sabine Weiss Toulouse","url":"https:\/\/fcpe-college-sabineweiss.le-pic.org\/","logo":{"@type":"ImageObject","inLanguage":"fr-FR","@id":"https:\/\/fcpe-college-sabineweiss.le-pic.org\/#\/schema\/logo\/image\/","url":"https:\/\/fcpe-college-sabineweiss.le-pic.org\/wp-content\/uploads\/2022\/10\/College.png","contentUrl":"https:\/\/fcpe-college-sabineweiss.le-pic.org\/wp-content\/uploads\/2022\/10\/College.png","width":500,"height":500,"caption":"FCPE Coll\u00e8ge Sabine Weiss Toulouse"},"image":{"@id":"https:\/\/fcpe-college-sabineweiss.le-pic.org\/#\/schema\/logo\/image\/"},"sameAs":["https:\/\/www.facebook.com\/groups\/collegeguilhermy"]},{"@type":"Person","@id":"https:\/\/fcpe-college-sabineweiss.le-pic.org\/#\/schema\/person\/df816da733fe0f1db108002ccda92e5f","name":"FCPE Coll\u00e8ge Sabine Weiss","image":{"@type":"ImageObject","inLanguage":"fr-FR","@id":"https:\/\/secure.gravatar.com\/avatar\/3258d0ff520da9e1df24c65b831bae9efb763c049e20b7f4b21a885604b77515?s=96&d=mm&r=g","url":"https:\/\/secure.gravatar.com\/avatar\/3258d0ff520da9e1df24c65b831bae9efb763c049e20b7f4b21a885604b77515?s=96&d=mm&r=g","contentUrl":"https:\/\/secure.gravatar.com\/avatar\/3258d0ff520da9e1df24c65b831bae9efb763c049e20b7f4b21a885604b77515?s=96&d=mm&r=g","caption":"FCPE Coll\u00e8ge Sabine Weiss"},"url":"https:\/\/fcpe-college-sabineweiss.le-pic.org\/index.php\/author\/parentscollegeguilhermy\/"}]}},"_links":{"self":[{"href":"https:\/\/fcpe-college-sabineweiss.le-pic.org\/index.php\/wp-json\/wp\/v2\/posts\/1207","targetHints":{"allow":["GET"]}}],"collection":[{"href":"https:\/\/fcpe-college-sabineweiss.le-pic.org\/index.php\/wp-json\/wp\/v2\/posts"}],"about":[{"href":"https:\/\/fcpe-college-sabineweiss.le-pic.org\/index.php\/wp-json\/wp\/v2\/types\/post"}],"author":[{"embeddable":true,"href":"https:\/\/fcpe-college-sabineweiss.le-pic.org\/index.php\/wp-json\/wp\/v2\/users\/2"}],"replies":[{"embeddable":true,"href":"https:\/\/fcpe-college-sabineweiss.le-pic.org\/index.php\/wp-json\/wp\/v2\/comments?post=1207"}],"version-history":[{"count":2,"href":"https:\/\/fcpe-college-sabineweiss.le-pic.org\/index.php\/wp-json\/wp\/v2\/posts\/1207\/revisions"}],"predecessor-version":[{"id":1212,"href":"https:\/\/fcpe-college-sabineweiss.le-pic.org\/index.php\/wp-json\/wp\/v2\/posts\/1207\/revisions\/1212"}],"wp:attachment":[{"href":"https:\/\/fcpe-college-sabineweiss.le-pic.org\/index.php\/wp-json\/wp\/v2\/media?parent=1207"}],"wp:term":[{"taxonomy":"category","embeddable":true,"href":"https:\/\/fcpe-college-sabineweiss.le-pic.org\/index.php\/wp-json\/wp\/v2\/categories?post=1207"},{"taxonomy":"post_tag","embeddable":true,"href":"https:\/\/fcpe-college-sabineweiss.le-pic.org\/index.php\/wp-json\/wp\/v2\/tags?post=1207"}],"curies":[{"name":"wp","href":"https:\/\/api.w.org\/{rel}","templated":true}]}}