{"id":1147,"date":"2024-03-20T08:19:49","date_gmt":"2024-03-20T07:19:49","guid":{"rendered":"https:\/\/fcpe-college-sabineweiss.le-pic.org\/?p=1147"},"modified":"2024-03-20T08:19:52","modified_gmt":"2024-03-20T07:19:52","slug":"motion-contre-le-choc-des-savoirs","status":"publish","type":"post","link":"https:\/\/fcpe-college-sabineweiss.le-pic.org\/index.php\/2024\/03\/20\/motion-contre-le-choc-des-savoirs\/","title":{"rendered":"Motion contre le \u00ab\u00a0choc des savoirs\u00a0\u00bb"},"content":{"rendered":"\n<p>Lors du CA de janvier, une motion a \u00e9t\u00e9 d\u00e9pos\u00e9e en commun entre les parents d&rsquo;\u00e9l\u00e8ves et les professeurs du coll\u00e8ge afin de s&rsquo;opposer aux annonces du Minist\u00e8re concernant la mise en place de groupes de niveau pour la rentr\u00e9e 2024. Nous vous laissons prendre connaissance de cette motion :<\/p>\n\n\n\n<div data-wp-interactive=\"core\/file\" class=\"wp-block-file\"><object data-wp-bind--hidden=\"!state.hasPdfPreview\" hidden class=\"wp-block-file__embed\" data=\"https:\/\/fcpe-college-sabineweiss.le-pic.org\/wp-content\/uploads\/2024\/03\/2024-01-motion-ca-dhg-corigee.pdf\" type=\"application\/pdf\" style=\"width:100%;height:600px\" aria-label=\"Contenu embarqu\u00e9 2024-01-motion-ca-dhg-corigee.\"><\/object><a id=\"wp-block-file--media-a67ef6f0-e73b-4f0d-9adc-33cebfb93662\" href=\"https:\/\/fcpe-college-sabineweiss.le-pic.org\/wp-content\/uploads\/2024\/03\/2024-01-motion-ca-dhg-corigee.pdf\">2024-01-motion-ca-dhg-corigee<\/a><a href=\"https:\/\/fcpe-college-sabineweiss.le-pic.org\/wp-content\/uploads\/2024\/03\/2024-01-motion-ca-dhg-corigee.pdf\" class=\"wp-block-file__button wp-element-button\" download aria-describedby=\"wp-block-file--media-a67ef6f0-e73b-4f0d-9adc-33cebfb93662\">T\u00e9l\u00e9charger<\/a><\/div>\n","protected":false},"excerpt":{"rendered":"<p>Lors du CA de janvier, une motion a \u00e9t\u00e9 d\u00e9pos\u00e9e en commun entre les parents d&rsquo;\u00e9l\u00e8ves et les professeurs du coll\u00e8ge afin de s&rsquo;opposer aux annonces du Minist\u00e8re concernant la mise en place de groupes de niveau pour la rentr\u00e9e 2024. Nous vous laissons prendre connaissance de cette motion :<\/p>\n","protected":false},"author":2,"featured_media":0,"comment_status":"open","ping_status":"open","sticky":false,"template":"","format":"standard","meta":{"footnotes":""},"categories":[1],"tags":[],"class_list":["post-1147","post","type-post","status-publish","format-standard","hentry","category-non-classe"],"yoast_head":"<!-- This site is optimized with the Yoast SEO plugin v27.4 - https:\/\/yoast.com\/product\/yoast-seo-wordpress\/ -->\n<title>Motion contre le &quot;choc des savoirs&quot; - FCPE Coll\u00e8ge Sabine Weiss Toulouse<\/title>\n<meta name=\"description\" content=\"choc des savoirs ; motion; coll\u00e8ge; FCPE ; SNES-FSU\" \/>\n<meta name=\"robots\" content=\"index, follow, max-snippet:-1, max-image-preview:large, max-video-preview:-1\" \/>\n<link rel=\"canonical\" href=\"https:\/\/fcpe-college-sabineweiss.le-pic.org\/index.php\/2024\/03\/20\/motion-contre-le-choc-des-savoirs\/\" \/>\n<meta property=\"og:locale\" content=\"fr_FR\" \/>\n<meta property=\"og:type\" content=\"article\" \/>\n<meta property=\"og:title\" content=\"Motion contre le &quot;choc des savoirs&quot; - FCPE Coll\u00e8ge Sabine Weiss Toulouse\" \/>\n<meta property=\"og:description\" content=\"choc des savoirs ; motion; coll\u00e8ge; FCPE ; SNES-FSU\" \/>\n<meta property=\"og:url\" content=\"https:\/\/fcpe-college-sabineweiss.le-pic.org\/index.php\/2024\/03\/20\/motion-contre-le-choc-des-savoirs\/\" \/>\n<meta property=\"og:site_name\" content=\"FCPE Coll\u00e8ge Sabine Weiss Toulouse\" \/>\n<meta property=\"article:publisher\" content=\"https:\/\/www.facebook.com\/groups\/collegeguilhermy\" \/>\n<meta property=\"article:published_time\" content=\"2024-03-20T07:19:49+00:00\" \/>\n<meta property=\"article:modified_time\" content=\"2024-03-20T07:19:52+00:00\" \/>\n<meta property=\"og:image\" content=\"https:\/\/fcpe-college-sabineweiss.le-pic.org\/wp-content\/uploads\/2022\/10\/cropped-banniere-site-internet-3.png\" \/>\n\t<meta property=\"og:image:width\" content=\"960\" \/>\n\t<meta property=\"og:image:height\" content=\"250\" \/>\n\t<meta property=\"og:image:type\" content=\"image\/png\" \/>\n<meta name=\"author\" content=\"FCPE Coll\u00e8ge Sabine Weiss\" \/>\n<meta name=\"twitter:card\" content=\"summary_large_image\" \/>\n<meta name=\"twitter:label1\" content=\"\u00c9crit par\" \/>\n\t<meta name=\"twitter:data1\" content=\"FCPE Coll\u00e8ge Sabine Weiss\" \/>\n\t<meta name=\"twitter:label2\" content=\"Dur\u00e9e de lecture estim\u00e9e\" \/>\n\t<meta name=\"twitter:data2\" content=\"1 minute\" \/>\n<script type=\"application\/ld+json\" class=\"yoast-schema-graph\">{\"@context\":\"https:\\\/\\\/schema.org\",\"@graph\":[{\"@type\":\"Article\",\"@id\":\"https:\\\/\\\/fcpe-college-sabineweiss.le-pic.org\\\/index.php\\\/2024\\\/03\\\/20\\\/motion-contre-le-choc-des-savoirs\\\/#article\",\"isPartOf\":{\"@id\":\"https:\\\/\\\/fcpe-college-sabineweiss.le-pic.org\\\/index.php\\\/2024\\\/03\\\/20\\\/motion-contre-le-choc-des-savoirs\\\/\"},\"author\":{\"name\":\"FCPE Coll\u00e8ge Sabine Weiss\",\"@id\":\"https:\\\/\\\/fcpe-college-sabineweiss.le-pic.org\\\/#\\\/schema\\\/person\\\/df816da733fe0f1db108002ccda92e5f\"},\"headline\":\"Motion contre le \u00ab\u00a0choc des savoirs\u00a0\u00bb\",\"datePublished\":\"2024-03-20T07:19:49+00:00\",\"dateModified\":\"2024-03-20T07:19:52+00:00\",\"mainEntityOfPage\":{\"@id\":\"https:\\\/\\\/fcpe-college-sabineweiss.le-pic.org\\\/index.php\\\/2024\\\/03\\\/20\\\/motion-contre-le-choc-des-savoirs\\\/\"},\"wordCount\":67,\"commentCount\":0,\"publisher\":{\"@id\":\"https:\\\/\\\/fcpe-college-sabineweiss.le-pic.org\\\/#organization\"},\"inLanguage\":\"fr-FR\",\"potentialAction\":[{\"@type\":\"CommentAction\",\"name\":\"Comment\",\"target\":[\"https:\\\/\\\/fcpe-college-sabineweiss.le-pic.org\\\/index.php\\\/2024\\\/03\\\/20\\\/motion-contre-le-choc-des-savoirs\\\/#respond\"]}]},{\"@type\":\"WebPage\",\"@id\":\"https:\\\/\\\/fcpe-college-sabineweiss.le-pic.org\\\/index.php\\\/2024\\\/03\\\/20\\\/motion-contre-le-choc-des-savoirs\\\/\",\"url\":\"https:\\\/\\\/fcpe-college-sabineweiss.le-pic.org\\\/index.php\\\/2024\\\/03\\\/20\\\/motion-contre-le-choc-des-savoirs\\\/\",\"name\":\"Motion contre le \\\"choc des savoirs\\\" - FCPE Coll\u00e8ge Sabine Weiss Toulouse\",\"isPartOf\":{\"@id\":\"https:\\\/\\\/fcpe-college-sabineweiss.le-pic.org\\\/#website\"},\"datePublished\":\"2024-03-20T07:19:49+00:00\",\"dateModified\":\"2024-03-20T07:19:52+00:00\",\"description\":\"choc des savoirs ; motion; coll\u00e8ge; FCPE ; SNES-FSU\",\"breadcrumb\":{\"@id\":\"https:\\\/\\\/fcpe-college-sabineweiss.le-pic.org\\\/index.php\\\/2024\\\/03\\\/20\\\/motion-contre-le-choc-des-savoirs\\\/#breadcrumb\"},\"inLanguage\":\"fr-FR\",\"potentialAction\":[{\"@type\":\"ReadAction\",\"target\":[\"https:\\\/\\\/fcpe-college-sabineweiss.le-pic.org\\\/index.php\\\/2024\\\/03\\\/20\\\/motion-contre-le-choc-des-savoirs\\\/\"]}]},{\"@type\":\"BreadcrumbList\",\"@id\":\"https:\\\/\\\/fcpe-college-sabineweiss.le-pic.org\\\/index.php\\\/2024\\\/03\\\/20\\\/motion-contre-le-choc-des-savoirs\\\/#breadcrumb\",\"itemListElement\":[{\"@type\":\"ListItem\",\"position\":1,\"name\":\"Accueil\",\"item\":\"https:\\\/\\\/fcpe-college-sabineweiss.le-pic.org\\\/\"},{\"@type\":\"ListItem\",\"position\":2,\"name\":\"Motion contre le \u00ab\u00a0choc des savoirs\u00a0\u00bb\"}]},{\"@type\":\"WebSite\",\"@id\":\"https:\\\/\\\/fcpe-college-sabineweiss.le-pic.org\\\/#website\",\"url\":\"https:\\\/\\\/fcpe-college-sabineweiss.le-pic.org\\\/\",\"name\":\"FCPE Coll\u00e8ge Sabine Weiss Toulouse\",\"description\":\"Agir, informer et repr\u00e9senter les parents d&#039;\u00e9l\u00e8ves du coll\u00e8ge Sabine Weiss de Toulouse (ex-Guilhermy)\",\"publisher\":{\"@id\":\"https:\\\/\\\/fcpe-college-sabineweiss.le-pic.org\\\/#organization\"},\"potentialAction\":[{\"@type\":\"SearchAction\",\"target\":{\"@type\":\"EntryPoint\",\"urlTemplate\":\"https:\\\/\\\/fcpe-college-sabineweiss.le-pic.org\\\/?s={search_term_string}\"},\"query-input\":{\"@type\":\"PropertyValueSpecification\",\"valueRequired\":true,\"valueName\":\"search_term_string\"}}],\"inLanguage\":\"fr-FR\"},{\"@type\":\"Organization\",\"@id\":\"https:\\\/\\\/fcpe-college-sabineweiss.le-pic.org\\\/#organization\",\"name\":\"FCPE Coll\u00e8ge Sabine Weiss Toulouse\",\"url\":\"https:\\\/\\\/fcpe-college-sabineweiss.le-pic.org\\\/\",\"logo\":{\"@type\":\"ImageObject\",\"inLanguage\":\"fr-FR\",\"@id\":\"https:\\\/\\\/fcpe-college-sabineweiss.le-pic.org\\\/#\\\/schema\\\/logo\\\/image\\\/\",\"url\":\"https:\\\/\\\/fcpe-college-sabineweiss.le-pic.org\\\/wp-content\\\/uploads\\\/2022\\\/10\\\/College.png\",\"contentUrl\":\"https:\\\/\\\/fcpe-college-sabineweiss.le-pic.org\\\/wp-content\\\/uploads\\\/2022\\\/10\\\/College.png\",\"width\":500,\"height\":500,\"caption\":\"FCPE Coll\u00e8ge Sabine Weiss Toulouse\"},\"image\":{\"@id\":\"https:\\\/\\\/fcpe-college-sabineweiss.le-pic.org\\\/#\\\/schema\\\/logo\\\/image\\\/\"},\"sameAs\":[\"https:\\\/\\\/www.facebook.com\\\/groups\\\/collegeguilhermy\"]},{\"@type\":\"Person\",\"@id\":\"https:\\\/\\\/fcpe-college-sabineweiss.le-pic.org\\\/#\\\/schema\\\/person\\\/df816da733fe0f1db108002ccda92e5f\",\"name\":\"FCPE Coll\u00e8ge Sabine Weiss\",\"image\":{\"@type\":\"ImageObject\",\"inLanguage\":\"fr-FR\",\"@id\":\"https:\\\/\\\/secure.gravatar.com\\\/avatar\\\/3258d0ff520da9e1df24c65b831bae9efb763c049e20b7f4b21a885604b77515?s=96&d=mm&r=g\",\"url\":\"https:\\\/\\\/secure.gravatar.com\\\/avatar\\\/3258d0ff520da9e1df24c65b831bae9efb763c049e20b7f4b21a885604b77515?s=96&d=mm&r=g\",\"contentUrl\":\"https:\\\/\\\/secure.gravatar.com\\\/avatar\\\/3258d0ff520da9e1df24c65b831bae9efb763c049e20b7f4b21a885604b77515?s=96&d=mm&r=g\",\"caption\":\"FCPE Coll\u00e8ge Sabine Weiss\"},\"url\":\"https:\\\/\\\/fcpe-college-sabineweiss.le-pic.org\\\/index.php\\\/author\\\/parentscollegeguilhermy\\\/\"}]}<\/script>\n<!-- \/ Yoast SEO plugin. -->","yoast_head_json":{"title":"Motion contre le \"choc des savoirs\" - FCPE Coll\u00e8ge Sabine Weiss Toulouse","description":"choc des savoirs ; motion; coll\u00e8ge; FCPE ; SNES-FSU","robots":{"index":"index","follow":"follow","max-snippet":"max-snippet:-1","max-image-preview":"max-image-preview:large","max-video-preview":"max-video-preview:-1"},"canonical":"https:\/\/fcpe-college-sabineweiss.le-pic.org\/index.php\/2024\/03\/20\/motion-contre-le-choc-des-savoirs\/","og_locale":"fr_FR","og_type":"article","og_title":"Motion contre le \"choc des savoirs\" - FCPE Coll\u00e8ge Sabine Weiss Toulouse","og_description":"choc des savoirs ; motion; coll\u00e8ge; FCPE ; SNES-FSU","og_url":"https:\/\/fcpe-college-sabineweiss.le-pic.org\/index.php\/2024\/03\/20\/motion-contre-le-choc-des-savoirs\/","og_site_name":"FCPE Coll\u00e8ge Sabine Weiss Toulouse","article_publisher":"https:\/\/www.facebook.com\/groups\/collegeguilhermy","article_published_time":"2024-03-20T07:19:49+00:00","article_modified_time":"2024-03-20T07:19:52+00:00","og_image":[{"width":960,"height":250,"url":"https:\/\/fcpe-college-sabineweiss.le-pic.org\/wp-content\/uploads\/2022\/10\/cropped-banniere-site-internet-3.png","type":"image\/png"}],"author":"FCPE Coll\u00e8ge Sabine Weiss","twitter_card":"summary_large_image","twitter_misc":{"\u00c9crit par":"FCPE Coll\u00e8ge Sabine Weiss","Dur\u00e9e de lecture estim\u00e9e":"1 minute"},"schema":{"@context":"https:\/\/schema.org","@graph":[{"@type":"Article","@id":"https:\/\/fcpe-college-sabineweiss.le-pic.org\/index.php\/2024\/03\/20\/motion-contre-le-choc-des-savoirs\/#article","isPartOf":{"@id":"https:\/\/fcpe-college-sabineweiss.le-pic.org\/index.php\/2024\/03\/20\/motion-contre-le-choc-des-savoirs\/"},"author":{"name":"FCPE Coll\u00e8ge Sabine Weiss","@id":"https:\/\/fcpe-college-sabineweiss.le-pic.org\/#\/schema\/person\/df816da733fe0f1db108002ccda92e5f"},"headline":"Motion contre le \u00ab\u00a0choc des savoirs\u00a0\u00bb","datePublished":"2024-03-20T07:19:49+00:00","dateModified":"2024-03-20T07:19:52+00:00","mainEntityOfPage":{"@id":"https:\/\/fcpe-college-sabineweiss.le-pic.org\/index.php\/2024\/03\/20\/motion-contre-le-choc-des-savoirs\/"},"wordCount":67,"commentCount":0,"publisher":{"@id":"https:\/\/fcpe-college-sabineweiss.le-pic.org\/#organization"},"inLanguage":"fr-FR","potentialAction":[{"@type":"CommentAction","name":"Comment","target":["https:\/\/fcpe-college-sabineweiss.le-pic.org\/index.php\/2024\/03\/20\/motion-contre-le-choc-des-savoirs\/#respond"]}]},{"@type":"WebPage","@id":"https:\/\/fcpe-college-sabineweiss.le-pic.org\/index.php\/2024\/03\/20\/motion-contre-le-choc-des-savoirs\/","url":"https:\/\/fcpe-college-sabineweiss.le-pic.org\/index.php\/2024\/03\/20\/motion-contre-le-choc-des-savoirs\/","name":"Motion contre le \"choc des savoirs\" - FCPE Coll\u00e8ge Sabine Weiss Toulouse","isPartOf":{"@id":"https:\/\/fcpe-college-sabineweiss.le-pic.org\/#website"},"datePublished":"2024-03-20T07:19:49+00:00","dateModified":"2024-03-20T07:19:52+00:00","description":"choc des savoirs ; motion; coll\u00e8ge; FCPE ; SNES-FSU","breadcrumb":{"@id":"https:\/\/fcpe-college-sabineweiss.le-pic.org\/index.php\/2024\/03\/20\/motion-contre-le-choc-des-savoirs\/#breadcrumb"},"inLanguage":"fr-FR","potentialAction":[{"@type":"ReadAction","target":["https:\/\/fcpe-college-sabineweiss.le-pic.org\/index.php\/2024\/03\/20\/motion-contre-le-choc-des-savoirs\/"]}]},{"@type":"BreadcrumbList","@id":"https:\/\/fcpe-college-sabineweiss.le-pic.org\/index.php\/2024\/03\/20\/motion-contre-le-choc-des-savoirs\/#breadcrumb","itemListElement":[{"@type":"ListItem","position":1,"name":"Accueil","item":"https:\/\/fcpe-college-sabineweiss.le-pic.org\/"},{"@type":"ListItem","position":2,"name":"Motion contre le \u00ab\u00a0choc des savoirs\u00a0\u00bb"}]},{"@type":"WebSite","@id":"https:\/\/fcpe-college-sabineweiss.le-pic.org\/#website","url":"https:\/\/fcpe-college-sabineweiss.le-pic.org\/","name":"FCPE Coll\u00e8ge Sabine Weiss Toulouse","description":"Agir, informer et repr\u00e9senter les parents d&#039;\u00e9l\u00e8ves du coll\u00e8ge Sabine Weiss de Toulouse (ex-Guilhermy)","publisher":{"@id":"https:\/\/fcpe-college-sabineweiss.le-pic.org\/#organization"},"potentialAction":[{"@type":"SearchAction","target":{"@type":"EntryPoint","urlTemplate":"https:\/\/fcpe-college-sabineweiss.le-pic.org\/?s={search_term_string}"},"query-input":{"@type":"PropertyValueSpecification","valueRequired":true,"valueName":"search_term_string"}}],"inLanguage":"fr-FR"},{"@type":"Organization","@id":"https:\/\/fcpe-college-sabineweiss.le-pic.org\/#organization","name":"FCPE Coll\u00e8ge Sabine Weiss Toulouse","url":"https:\/\/fcpe-college-sabineweiss.le-pic.org\/","logo":{"@type":"ImageObject","inLanguage":"fr-FR","@id":"https:\/\/fcpe-college-sabineweiss.le-pic.org\/#\/schema\/logo\/image\/","url":"https:\/\/fcpe-college-sabineweiss.le-pic.org\/wp-content\/uploads\/2022\/10\/College.png","contentUrl":"https:\/\/fcpe-college-sabineweiss.le-pic.org\/wp-content\/uploads\/2022\/10\/College.png","width":500,"height":500,"caption":"FCPE Coll\u00e8ge Sabine Weiss Toulouse"},"image":{"@id":"https:\/\/fcpe-college-sabineweiss.le-pic.org\/#\/schema\/logo\/image\/"},"sameAs":["https:\/\/www.facebook.com\/groups\/collegeguilhermy"]},{"@type":"Person","@id":"https:\/\/fcpe-college-sabineweiss.le-pic.org\/#\/schema\/person\/df816da733fe0f1db108002ccda92e5f","name":"FCPE Coll\u00e8ge Sabine Weiss","image":{"@type":"ImageObject","inLanguage":"fr-FR","@id":"https:\/\/secure.gravatar.com\/avatar\/3258d0ff520da9e1df24c65b831bae9efb763c049e20b7f4b21a885604b77515?s=96&d=mm&r=g","url":"https:\/\/secure.gravatar.com\/avatar\/3258d0ff520da9e1df24c65b831bae9efb763c049e20b7f4b21a885604b77515?s=96&d=mm&r=g","contentUrl":"https:\/\/secure.gravatar.com\/avatar\/3258d0ff520da9e1df24c65b831bae9efb763c049e20b7f4b21a885604b77515?s=96&d=mm&r=g","caption":"FCPE Coll\u00e8ge Sabine Weiss"},"url":"https:\/\/fcpe-college-sabineweiss.le-pic.org\/index.php\/author\/parentscollegeguilhermy\/"}]}},"_links":{"self":[{"href":"https:\/\/fcpe-college-sabineweiss.le-pic.org\/index.php\/wp-json\/wp\/v2\/posts\/1147","targetHints":{"allow":["GET"]}}],"collection":[{"href":"https:\/\/fcpe-college-sabineweiss.le-pic.org\/index.php\/wp-json\/wp\/v2\/posts"}],"about":[{"href":"https:\/\/fcpe-college-sabineweiss.le-pic.org\/index.php\/wp-json\/wp\/v2\/types\/post"}],"author":[{"embeddable":true,"href":"https:\/\/fcpe-college-sabineweiss.le-pic.org\/index.php\/wp-json\/wp\/v2\/users\/2"}],"replies":[{"embeddable":true,"href":"https:\/\/fcpe-college-sabineweiss.le-pic.org\/index.php\/wp-json\/wp\/v2\/comments?post=1147"}],"version-history":[{"count":1,"href":"https:\/\/fcpe-college-sabineweiss.le-pic.org\/index.php\/wp-json\/wp\/v2\/posts\/1147\/revisions"}],"predecessor-version":[{"id":1149,"href":"https:\/\/fcpe-college-sabineweiss.le-pic.org\/index.php\/wp-json\/wp\/v2\/posts\/1147\/revisions\/1149"}],"wp:attachment":[{"href":"https:\/\/fcpe-college-sabineweiss.le-pic.org\/index.php\/wp-json\/wp\/v2\/media?parent=1147"}],"wp:term":[{"taxonomy":"category","embeddable":true,"href":"https:\/\/fcpe-college-sabineweiss.le-pic.org\/index.php\/wp-json\/wp\/v2\/categories?post=1147"},{"taxonomy":"post_tag","embeddable":true,"href":"https:\/\/fcpe-college-sabineweiss.le-pic.org\/index.php\/wp-json\/wp\/v2\/tags?post=1147"}],"curies":[{"name":"wp","href":"https:\/\/api.w.org\/{rel}","templated":true}]}}