{"id":1082,"date":"2023-10-06T21:07:56","date_gmt":"2023-10-06T19:07:56","guid":{"rendered":"https:\/\/fcpe-college-sabineweiss.le-pic.org\/?p=1082"},"modified":"2023-10-06T21:07:56","modified_gmt":"2023-10-06T19:07:56","slug":"retour-sur-le-challenge-ayav-de-juin-2023","status":"publish","type":"post","link":"https:\/\/fcpe-college-sabineweiss.le-pic.org\/index.php\/2023\/10\/06\/retour-sur-le-challenge-ayav-de-juin-2023\/","title":{"rendered":"Retour sur le challenge AYAV de juin 2023"},"content":{"rendered":"\r\n<p>Comme nous vous l&rsquo;avions annonc\u00e9, d\u00e8s sa premi\u00e8re ann\u00e9e d\u2019existence, le coll\u00e8ge Guilhermy a particip\u00e9 au challenge <a href=\"https:\/\/allonsyavelo.le-pic.org\/\">AYAV (Allons-Y A V\u00e9lo)<\/a>. N&rsquo;h\u00e9sitez pas \u00e0 consulter notre <a href=\"https:\/\/fcpe-college-sabineweiss.le-pic.org\/index.php\/2023\/05\/22\/challengea-ayav-le-2-juin\/\" target=\"_blank\" rel=\"noopener\">article<\/a> \u00e0 ce sujet.\u00a0Pour cette premi\u00e8re \u00e9dition, le soleil brillait et des parents volontaires ont pu r\u00e9aliser le comptage des enfants \u00e0 8h et \u00e0 9h.<\/p>\r\n\r\n\r\n\r\n\r\n\r\n<p>Une classe a r\u00e9ussi \u00e0 participer \u00e0 hauteur de <strong>72 %<\/strong> : f\u00e9licitations \u00e0 la 6eH ! L&rsquo;\u00e9tablissement enregistre une <strong>participation globale de 45,1 %<\/strong> ce qui lui permet de remporter le challenge ! Tous les r\u00e9sultats sont consultables sur le site <a href=\"https:\/\/allonsyavelo.le-pic.org\/spip.php?article166\">AYAV<\/a>.<\/p>\r\n\r\n\r\n\r\n<h1><strong>Les lots pour les participants :<\/strong>\u00a0<\/h1>\r\n<p>Pour cette premi\u00e8re \u00e9dition nous tenons \u00e0 remercier la mairie de Tournefeuille, la mairie de Toulouse et le Conseil D\u00e9partemental qui ont r\u00e9pondu \u00e0 nos sollicitations pour fournir des lots parfaitement en ad\u00e9quation avec le th\u00e8me du v\u00e9lo :<\/p>\r\n\r\n\r\n\r\n<ul class=\"wp-block-list\">\r\n<li>gilets fluo<\/li>\r\n\r\n\r\n\r\n<li>bracelets r\u00e9fl\u00e9chissants<\/li>\r\n\r\n\r\n\r\n<li>protections de selle<\/li>\r\n\r\n\r\n\r\n<li>gourdes<\/li>\r\n\r\n\r\n\r\n<li>lumi\u00e8res pour guidon<\/li>\r\n\r\n\r\n\r\n<li>cadenas pour v\u00e9lo<\/li>\r\n\r\n\r\n\r\n<li>\u00e9carteurs<\/li>\r\n\r\n\r\n\r\n<li>kits de r\u00e9paration<\/li>\r\n\r\n\r\n\r\n<li>serre-pantalon<\/li>\r\n\r\n\r\n\r\n<li>sonnettes<\/li>\r\n<\/ul>\r\n\r\n\r\n\r\n<figure class=\"wp-block-image size-large\"><img loading=\"lazy\" decoding=\"async\" width=\"1024\" height=\"768\" class=\"wp-image-1084\" src=\"https:\/\/fcpe-college-sabineweiss.le-pic.org\/wp-content\/uploads\/2023\/10\/IMG-4014-1024x768.jpg\" alt=\"\" srcset=\"https:\/\/fcpe-college-sabineweiss.le-pic.org\/wp-content\/uploads\/2023\/10\/IMG-4014-1024x768.jpg 1024w, https:\/\/fcpe-college-sabineweiss.le-pic.org\/wp-content\/uploads\/2023\/10\/IMG-4014-300x225.jpg 300w, https:\/\/fcpe-college-sabineweiss.le-pic.org\/wp-content\/uploads\/2023\/10\/IMG-4014-768x576.jpg 768w, https:\/\/fcpe-college-sabineweiss.le-pic.org\/wp-content\/uploads\/2023\/10\/IMG-4014-1536x1152.jpg 1536w, https:\/\/fcpe-college-sabineweiss.le-pic.org\/wp-content\/uploads\/2023\/10\/IMG-4014-2048x1536.jpg 2048w, https:\/\/fcpe-college-sabineweiss.le-pic.org\/wp-content\/uploads\/2023\/10\/IMG-4014-624x468.jpg 624w\" sizes=\"auto, (max-width: 1024px) 100vw, 1024px\" \/><\/figure>\r\n\r\n\r\n\r\n<p>Ces lots ont \u00e9t\u00e9 remis \u00e0 tous les \u00e9l\u00e8ves participants lors de la f\u00eate du coll\u00e8ge fin juin.<\/p>\r\n\r\n\r\n\r\n<h1>Les lots pour le coll\u00e8ge :<\/h1>\r\n<p>Gr\u00e2ce \u00e0 cette premi\u00e8re place, les \u00e9l\u00e8ves gagnent une journ\u00e9e de sensibilisation au v\u00e9lo, \u00e9v\u00e8nement qui s&rsquo;inscrit parfaitement dans la th\u00e9matique avec l&rsquo;arriv\u00e9e r\u00e9cente d&rsquo;une flotte de v\u00e9los au coll\u00e8ge. Cette flotte de v\u00e9lo permettra aux \u00e9l\u00e8ves de se rendre aux activit\u00e9s sportives organis\u00e9es sur la base de La Ram\u00e9e pendant les heures d&rsquo;EPS. Ils gagnent \u00e9galement des stationnements gratuits pendant 1 mois dans des parkings Cyclopark (<a href=\"https:\/\/allonsyavelo.le-pic.org\/spip.php?article165\">groupe Indigo<\/a>).<\/p>\r\n\r\n\r\n\r\n<figure class=\"wp-block-image size-large\"><img loading=\"lazy\" decoding=\"async\" width=\"1024\" height=\"1024\" class=\"wp-image-1085\" src=\"https:\/\/fcpe-college-sabineweiss.le-pic.org\/wp-content\/uploads\/2023\/10\/PhotoRoom-20231003-162158-1024x1024.jpg\" alt=\"\" srcset=\"https:\/\/fcpe-college-sabineweiss.le-pic.org\/wp-content\/uploads\/2023\/10\/PhotoRoom-20231003-162158-1024x1024.jpg 1024w, https:\/\/fcpe-college-sabineweiss.le-pic.org\/wp-content\/uploads\/2023\/10\/PhotoRoom-20231003-162158-300x300.jpg 300w, https:\/\/fcpe-college-sabineweiss.le-pic.org\/wp-content\/uploads\/2023\/10\/PhotoRoom-20231003-162158-150x150.jpg 150w, https:\/\/fcpe-college-sabineweiss.le-pic.org\/wp-content\/uploads\/2023\/10\/PhotoRoom-20231003-162158-768x768.jpg 768w, https:\/\/fcpe-college-sabineweiss.le-pic.org\/wp-content\/uploads\/2023\/10\/PhotoRoom-20231003-162158-1536x1536.jpg 1536w, https:\/\/fcpe-college-sabineweiss.le-pic.org\/wp-content\/uploads\/2023\/10\/PhotoRoom-20231003-162158-624x624.jpg 624w, https:\/\/fcpe-college-sabineweiss.le-pic.org\/wp-content\/uploads\/2023\/10\/PhotoRoom-20231003-162158.jpg 1800w\" sizes=\"auto, (max-width: 1024px) 100vw, 1024px\" \/>\r\n<figcaption class=\"wp-element-caption\">Bon cadeau pour la 1\u00e8re place du challenge !<\/figcaption>\r\n<\/figure>\r\n\r\n\r\n\r\n<h1>Et l&rsquo;an prochain ?<\/h1>\r\n<p>Pour l&rsquo;an prochain, il nous reste \u00e0 :<\/p>\r\n\r\n\r\n\r\n<ul class=\"wp-block-list\">\r\n<li>continuer de mobiliser les enfants de Cugnaux et Tournefeuille qui sont d\u00e9j\u00e0 bien habitu\u00e9s au challenge AYAV car les \u00e9coles \u00e9l\u00e9mentaires y participent d\u00e9j\u00e0 ;<\/li>\r\n\r\n\r\n\r\n<li>\u00e0 faire encore plus participer les quartiers de Bellefontaine et de la Reynerie pour qui l&rsquo;acc\u00e8s au coll\u00e8ge est beaucoup moins \u00e9vident en v\u00e9lo ;<\/li>\r\n\r\n\r\n\r\n<li>inciter les \u00e9l\u00e8ves du quartier Guilhermy \u00e0 prendre un v\u00e9lo plut\u00f4t que de se rendre au coll\u00e8ge \u00e0 pied.<\/li>\r\n<\/ul>\r\n\r\n\r\n\r\n<p>&nbsp;<\/p>\r\n\r\n\r\n\r\n<figure class=\"wp-block-image size-large\"><img loading=\"lazy\" decoding=\"async\" width=\"576\" height=\"1024\" class=\"wp-image-1086\" src=\"https:\/\/fcpe-college-sabineweiss.le-pic.org\/wp-content\/uploads\/2023\/10\/IMG-4900-576x1024.jpg\" alt=\"\" srcset=\"https:\/\/fcpe-college-sabineweiss.le-pic.org\/wp-content\/uploads\/2023\/10\/IMG-4900-576x1024.jpg 576w, https:\/\/fcpe-college-sabineweiss.le-pic.org\/wp-content\/uploads\/2023\/10\/IMG-4900-169x300.jpg 169w, https:\/\/fcpe-college-sabineweiss.le-pic.org\/wp-content\/uploads\/2023\/10\/IMG-4900-768x1365.jpg 768w, https:\/\/fcpe-college-sabineweiss.le-pic.org\/wp-content\/uploads\/2023\/10\/IMG-4900-864x1536.jpg 864w, https:\/\/fcpe-college-sabineweiss.le-pic.org\/wp-content\/uploads\/2023\/10\/IMG-4900-624x1109.jpg 624w, https:\/\/fcpe-college-sabineweiss.le-pic.org\/wp-content\/uploads\/2023\/10\/IMG-4900.jpg 1080w\" sizes=\"auto, (max-width: 576px) 100vw, 576px\" \/><\/figure>\r\n","protected":false},"excerpt":{"rendered":"<p>Comme nous vous l&rsquo;avions annonc\u00e9, d\u00e8s sa premi\u00e8re ann\u00e9e d\u2019existence, le coll\u00e8ge Guilhermy a particip\u00e9 au challenge AYAV (Allons-Y A V\u00e9lo). N&rsquo;h\u00e9sitez pas \u00e0 consulter notre article \u00e0 ce sujet.\u00a0Pour cette premi\u00e8re \u00e9dition, le soleil brillait et des parents volontaires ont pu r\u00e9aliser le comptage des enfants \u00e0 8h et \u00e0 9h. Une classe a [&hellip;]<\/p>\n","protected":false},"author":2,"featured_media":1086,"comment_status":"open","ping_status":"open","sticky":false,"template":"","format":"standard","meta":{"footnotes":""},"categories":[1],"tags":[13],"class_list":["post-1082","post","type-post","status-publish","format-standard","has-post-thumbnail","hentry","category-non-classe","tag-ayav"],"yoast_head":"<!-- This site is optimized with the Yoast SEO plugin v27.4 - https:\/\/yoast.com\/product\/yoast-seo-wordpress\/ -->\n<title>Retour sur le challenge AYAV de juin 2023 - FCPE Coll\u00e8ge Sabine Weiss Toulouse<\/title>\n<meta name=\"robots\" content=\"index, follow, max-snippet:-1, max-image-preview:large, max-video-preview:-1\" \/>\n<link rel=\"canonical\" href=\"https:\/\/fcpe-college-sabineweiss.le-pic.org\/index.php\/2023\/10\/06\/retour-sur-le-challenge-ayav-de-juin-2023\/\" \/>\n<meta property=\"og:locale\" content=\"fr_FR\" \/>\n<meta property=\"og:type\" content=\"article\" \/>\n<meta property=\"og:title\" content=\"Retour sur le challenge AYAV de juin 2023 - FCPE Coll\u00e8ge Sabine Weiss Toulouse\" \/>\n<meta property=\"og:description\" content=\"Comme nous vous l&rsquo;avions annonc\u00e9, d\u00e8s sa premi\u00e8re ann\u00e9e d\u2019existence, le coll\u00e8ge Guilhermy a particip\u00e9 au challenge AYAV (Allons-Y A V\u00e9lo). N&rsquo;h\u00e9sitez pas \u00e0 consulter notre article \u00e0 ce sujet.\u00a0Pour cette premi\u00e8re \u00e9dition, le soleil brillait et des parents volontaires ont pu r\u00e9aliser le comptage des enfants \u00e0 8h et \u00e0 9h. Une classe a [&hellip;]\" \/>\n<meta property=\"og:url\" content=\"https:\/\/fcpe-college-sabineweiss.le-pic.org\/index.php\/2023\/10\/06\/retour-sur-le-challenge-ayav-de-juin-2023\/\" \/>\n<meta property=\"og:site_name\" content=\"FCPE Coll\u00e8ge Sabine Weiss Toulouse\" \/>\n<meta property=\"article:publisher\" content=\"https:\/\/www.facebook.com\/groups\/collegeguilhermy\" \/>\n<meta property=\"article:published_time\" content=\"2023-10-06T19:07:56+00:00\" \/>\n<meta property=\"og:image\" content=\"https:\/\/fcpe-college-sabineweiss.le-pic.org\/wp-content\/uploads\/2023\/10\/IMG-4900.jpg\" \/>\n\t<meta property=\"og:image:width\" content=\"1080\" \/>\n\t<meta property=\"og:image:height\" content=\"1920\" \/>\n\t<meta property=\"og:image:type\" content=\"image\/jpeg\" \/>\n<meta name=\"author\" content=\"FCPE Coll\u00e8ge Sabine Weiss\" \/>\n<meta name=\"twitter:card\" content=\"summary_large_image\" \/>\n<meta name=\"twitter:label1\" content=\"\u00c9crit par\" \/>\n\t<meta name=\"twitter:data1\" content=\"FCPE Coll\u00e8ge Sabine Weiss\" \/>\n\t<meta name=\"twitter:label2\" content=\"Dur\u00e9e de lecture estim\u00e9e\" \/>\n\t<meta name=\"twitter:data2\" content=\"3 minutes\" \/>\n<script type=\"application\/ld+json\" class=\"yoast-schema-graph\">{\"@context\":\"https:\\\/\\\/schema.org\",\"@graph\":[{\"@type\":\"Article\",\"@id\":\"https:\\\/\\\/fcpe-college-sabineweiss.le-pic.org\\\/index.php\\\/2023\\\/10\\\/06\\\/retour-sur-le-challenge-ayav-de-juin-2023\\\/#article\",\"isPartOf\":{\"@id\":\"https:\\\/\\\/fcpe-college-sabineweiss.le-pic.org\\\/index.php\\\/2023\\\/10\\\/06\\\/retour-sur-le-challenge-ayav-de-juin-2023\\\/\"},\"author\":{\"name\":\"FCPE Coll\u00e8ge Sabine Weiss\",\"@id\":\"https:\\\/\\\/fcpe-college-sabineweiss.le-pic.org\\\/#\\\/schema\\\/person\\\/df816da733fe0f1db108002ccda92e5f\"},\"headline\":\"Retour sur le challenge AYAV de juin 2023\",\"datePublished\":\"2023-10-06T19:07:56+00:00\",\"mainEntityOfPage\":{\"@id\":\"https:\\\/\\\/fcpe-college-sabineweiss.le-pic.org\\\/index.php\\\/2023\\\/10\\\/06\\\/retour-sur-le-challenge-ayav-de-juin-2023\\\/\"},\"wordCount\":385,\"commentCount\":0,\"publisher\":{\"@id\":\"https:\\\/\\\/fcpe-college-sabineweiss.le-pic.org\\\/#organization\"},\"image\":{\"@id\":\"https:\\\/\\\/fcpe-college-sabineweiss.le-pic.org\\\/index.php\\\/2023\\\/10\\\/06\\\/retour-sur-le-challenge-ayav-de-juin-2023\\\/#primaryimage\"},\"thumbnailUrl\":\"https:\\\/\\\/fcpe-college-sabineweiss.le-pic.org\\\/wp-content\\\/uploads\\\/2023\\\/10\\\/IMG-4900.jpg\",\"keywords\":[\"ayav\"],\"inLanguage\":\"fr-FR\",\"potentialAction\":[{\"@type\":\"CommentAction\",\"name\":\"Comment\",\"target\":[\"https:\\\/\\\/fcpe-college-sabineweiss.le-pic.org\\\/index.php\\\/2023\\\/10\\\/06\\\/retour-sur-le-challenge-ayav-de-juin-2023\\\/#respond\"]}]},{\"@type\":\"WebPage\",\"@id\":\"https:\\\/\\\/fcpe-college-sabineweiss.le-pic.org\\\/index.php\\\/2023\\\/10\\\/06\\\/retour-sur-le-challenge-ayav-de-juin-2023\\\/\",\"url\":\"https:\\\/\\\/fcpe-college-sabineweiss.le-pic.org\\\/index.php\\\/2023\\\/10\\\/06\\\/retour-sur-le-challenge-ayav-de-juin-2023\\\/\",\"name\":\"Retour sur le challenge AYAV de juin 2023 - FCPE Coll\u00e8ge Sabine Weiss Toulouse\",\"isPartOf\":{\"@id\":\"https:\\\/\\\/fcpe-college-sabineweiss.le-pic.org\\\/#website\"},\"primaryImageOfPage\":{\"@id\":\"https:\\\/\\\/fcpe-college-sabineweiss.le-pic.org\\\/index.php\\\/2023\\\/10\\\/06\\\/retour-sur-le-challenge-ayav-de-juin-2023\\\/#primaryimage\"},\"image\":{\"@id\":\"https:\\\/\\\/fcpe-college-sabineweiss.le-pic.org\\\/index.php\\\/2023\\\/10\\\/06\\\/retour-sur-le-challenge-ayav-de-juin-2023\\\/#primaryimage\"},\"thumbnailUrl\":\"https:\\\/\\\/fcpe-college-sabineweiss.le-pic.org\\\/wp-content\\\/uploads\\\/2023\\\/10\\\/IMG-4900.jpg\",\"datePublished\":\"2023-10-06T19:07:56+00:00\",\"breadcrumb\":{\"@id\":\"https:\\\/\\\/fcpe-college-sabineweiss.le-pic.org\\\/index.php\\\/2023\\\/10\\\/06\\\/retour-sur-le-challenge-ayav-de-juin-2023\\\/#breadcrumb\"},\"inLanguage\":\"fr-FR\",\"potentialAction\":[{\"@type\":\"ReadAction\",\"target\":[\"https:\\\/\\\/fcpe-college-sabineweiss.le-pic.org\\\/index.php\\\/2023\\\/10\\\/06\\\/retour-sur-le-challenge-ayav-de-juin-2023\\\/\"]}]},{\"@type\":\"ImageObject\",\"inLanguage\":\"fr-FR\",\"@id\":\"https:\\\/\\\/fcpe-college-sabineweiss.le-pic.org\\\/index.php\\\/2023\\\/10\\\/06\\\/retour-sur-le-challenge-ayav-de-juin-2023\\\/#primaryimage\",\"url\":\"https:\\\/\\\/fcpe-college-sabineweiss.le-pic.org\\\/wp-content\\\/uploads\\\/2023\\\/10\\\/IMG-4900.jpg\",\"contentUrl\":\"https:\\\/\\\/fcpe-college-sabineweiss.le-pic.org\\\/wp-content\\\/uploads\\\/2023\\\/10\\\/IMG-4900.jpg\",\"width\":1080,\"height\":1920},{\"@type\":\"BreadcrumbList\",\"@id\":\"https:\\\/\\\/fcpe-college-sabineweiss.le-pic.org\\\/index.php\\\/2023\\\/10\\\/06\\\/retour-sur-le-challenge-ayav-de-juin-2023\\\/#breadcrumb\",\"itemListElement\":[{\"@type\":\"ListItem\",\"position\":1,\"name\":\"Accueil\",\"item\":\"https:\\\/\\\/fcpe-college-sabineweiss.le-pic.org\\\/\"},{\"@type\":\"ListItem\",\"position\":2,\"name\":\"Retour sur le challenge AYAV de juin 2023\"}]},{\"@type\":\"WebSite\",\"@id\":\"https:\\\/\\\/fcpe-college-sabineweiss.le-pic.org\\\/#website\",\"url\":\"https:\\\/\\\/fcpe-college-sabineweiss.le-pic.org\\\/\",\"name\":\"FCPE Coll\u00e8ge Sabine Weiss Toulouse\",\"description\":\"Agir, informer et repr\u00e9senter les parents d&#039;\u00e9l\u00e8ves du coll\u00e8ge Sabine Weiss de Toulouse (ex-Guilhermy)\",\"publisher\":{\"@id\":\"https:\\\/\\\/fcpe-college-sabineweiss.le-pic.org\\\/#organization\"},\"potentialAction\":[{\"@type\":\"SearchAction\",\"target\":{\"@type\":\"EntryPoint\",\"urlTemplate\":\"https:\\\/\\\/fcpe-college-sabineweiss.le-pic.org\\\/?s={search_term_string}\"},\"query-input\":{\"@type\":\"PropertyValueSpecification\",\"valueRequired\":true,\"valueName\":\"search_term_string\"}}],\"inLanguage\":\"fr-FR\"},{\"@type\":\"Organization\",\"@id\":\"https:\\\/\\\/fcpe-college-sabineweiss.le-pic.org\\\/#organization\",\"name\":\"FCPE Coll\u00e8ge Sabine Weiss Toulouse\",\"url\":\"https:\\\/\\\/fcpe-college-sabineweiss.le-pic.org\\\/\",\"logo\":{\"@type\":\"ImageObject\",\"inLanguage\":\"fr-FR\",\"@id\":\"https:\\\/\\\/fcpe-college-sabineweiss.le-pic.org\\\/#\\\/schema\\\/logo\\\/image\\\/\",\"url\":\"https:\\\/\\\/fcpe-college-sabineweiss.le-pic.org\\\/wp-content\\\/uploads\\\/2022\\\/10\\\/College.png\",\"contentUrl\":\"https:\\\/\\\/fcpe-college-sabineweiss.le-pic.org\\\/wp-content\\\/uploads\\\/2022\\\/10\\\/College.png\",\"width\":500,\"height\":500,\"caption\":\"FCPE Coll\u00e8ge Sabine Weiss Toulouse\"},\"image\":{\"@id\":\"https:\\\/\\\/fcpe-college-sabineweiss.le-pic.org\\\/#\\\/schema\\\/logo\\\/image\\\/\"},\"sameAs\":[\"https:\\\/\\\/www.facebook.com\\\/groups\\\/collegeguilhermy\"]},{\"@type\":\"Person\",\"@id\":\"https:\\\/\\\/fcpe-college-sabineweiss.le-pic.org\\\/#\\\/schema\\\/person\\\/df816da733fe0f1db108002ccda92e5f\",\"name\":\"FCPE Coll\u00e8ge Sabine Weiss\",\"image\":{\"@type\":\"ImageObject\",\"inLanguage\":\"fr-FR\",\"@id\":\"https:\\\/\\\/secure.gravatar.com\\\/avatar\\\/3258d0ff520da9e1df24c65b831bae9efb763c049e20b7f4b21a885604b77515?s=96&d=mm&r=g\",\"url\":\"https:\\\/\\\/secure.gravatar.com\\\/avatar\\\/3258d0ff520da9e1df24c65b831bae9efb763c049e20b7f4b21a885604b77515?s=96&d=mm&r=g\",\"contentUrl\":\"https:\\\/\\\/secure.gravatar.com\\\/avatar\\\/3258d0ff520da9e1df24c65b831bae9efb763c049e20b7f4b21a885604b77515?s=96&d=mm&r=g\",\"caption\":\"FCPE Coll\u00e8ge Sabine Weiss\"},\"url\":\"https:\\\/\\\/fcpe-college-sabineweiss.le-pic.org\\\/index.php\\\/author\\\/parentscollegeguilhermy\\\/\"}]}<\/script>\n<!-- \/ Yoast SEO plugin. -->","yoast_head_json":{"title":"Retour sur le challenge AYAV de juin 2023 - FCPE Coll\u00e8ge Sabine Weiss Toulouse","robots":{"index":"index","follow":"follow","max-snippet":"max-snippet:-1","max-image-preview":"max-image-preview:large","max-video-preview":"max-video-preview:-1"},"canonical":"https:\/\/fcpe-college-sabineweiss.le-pic.org\/index.php\/2023\/10\/06\/retour-sur-le-challenge-ayav-de-juin-2023\/","og_locale":"fr_FR","og_type":"article","og_title":"Retour sur le challenge AYAV de juin 2023 - FCPE Coll\u00e8ge Sabine Weiss Toulouse","og_description":"Comme nous vous l&rsquo;avions annonc\u00e9, d\u00e8s sa premi\u00e8re ann\u00e9e d\u2019existence, le coll\u00e8ge Guilhermy a particip\u00e9 au challenge AYAV (Allons-Y A V\u00e9lo). N&rsquo;h\u00e9sitez pas \u00e0 consulter notre article \u00e0 ce sujet.\u00a0Pour cette premi\u00e8re \u00e9dition, le soleil brillait et des parents volontaires ont pu r\u00e9aliser le comptage des enfants \u00e0 8h et \u00e0 9h. Une classe a [&hellip;]","og_url":"https:\/\/fcpe-college-sabineweiss.le-pic.org\/index.php\/2023\/10\/06\/retour-sur-le-challenge-ayav-de-juin-2023\/","og_site_name":"FCPE Coll\u00e8ge Sabine Weiss Toulouse","article_publisher":"https:\/\/www.facebook.com\/groups\/collegeguilhermy","article_published_time":"2023-10-06T19:07:56+00:00","og_image":[{"width":1080,"height":1920,"url":"https:\/\/fcpe-college-sabineweiss.le-pic.org\/wp-content\/uploads\/2023\/10\/IMG-4900.jpg","type":"image\/jpeg"}],"author":"FCPE Coll\u00e8ge Sabine Weiss","twitter_card":"summary_large_image","twitter_misc":{"\u00c9crit par":"FCPE Coll\u00e8ge Sabine Weiss","Dur\u00e9e de lecture estim\u00e9e":"3 minutes"},"schema":{"@context":"https:\/\/schema.org","@graph":[{"@type":"Article","@id":"https:\/\/fcpe-college-sabineweiss.le-pic.org\/index.php\/2023\/10\/06\/retour-sur-le-challenge-ayav-de-juin-2023\/#article","isPartOf":{"@id":"https:\/\/fcpe-college-sabineweiss.le-pic.org\/index.php\/2023\/10\/06\/retour-sur-le-challenge-ayav-de-juin-2023\/"},"author":{"name":"FCPE Coll\u00e8ge Sabine Weiss","@id":"https:\/\/fcpe-college-sabineweiss.le-pic.org\/#\/schema\/person\/df816da733fe0f1db108002ccda92e5f"},"headline":"Retour sur le challenge AYAV de juin 2023","datePublished":"2023-10-06T19:07:56+00:00","mainEntityOfPage":{"@id":"https:\/\/fcpe-college-sabineweiss.le-pic.org\/index.php\/2023\/10\/06\/retour-sur-le-challenge-ayav-de-juin-2023\/"},"wordCount":385,"commentCount":0,"publisher":{"@id":"https:\/\/fcpe-college-sabineweiss.le-pic.org\/#organization"},"image":{"@id":"https:\/\/fcpe-college-sabineweiss.le-pic.org\/index.php\/2023\/10\/06\/retour-sur-le-challenge-ayav-de-juin-2023\/#primaryimage"},"thumbnailUrl":"https:\/\/fcpe-college-sabineweiss.le-pic.org\/wp-content\/uploads\/2023\/10\/IMG-4900.jpg","keywords":["ayav"],"inLanguage":"fr-FR","potentialAction":[{"@type":"CommentAction","name":"Comment","target":["https:\/\/fcpe-college-sabineweiss.le-pic.org\/index.php\/2023\/10\/06\/retour-sur-le-challenge-ayav-de-juin-2023\/#respond"]}]},{"@type":"WebPage","@id":"https:\/\/fcpe-college-sabineweiss.le-pic.org\/index.php\/2023\/10\/06\/retour-sur-le-challenge-ayav-de-juin-2023\/","url":"https:\/\/fcpe-college-sabineweiss.le-pic.org\/index.php\/2023\/10\/06\/retour-sur-le-challenge-ayav-de-juin-2023\/","name":"Retour sur le challenge AYAV de juin 2023 - FCPE Coll\u00e8ge Sabine Weiss Toulouse","isPartOf":{"@id":"https:\/\/fcpe-college-sabineweiss.le-pic.org\/#website"},"primaryImageOfPage":{"@id":"https:\/\/fcpe-college-sabineweiss.le-pic.org\/index.php\/2023\/10\/06\/retour-sur-le-challenge-ayav-de-juin-2023\/#primaryimage"},"image":{"@id":"https:\/\/fcpe-college-sabineweiss.le-pic.org\/index.php\/2023\/10\/06\/retour-sur-le-challenge-ayav-de-juin-2023\/#primaryimage"},"thumbnailUrl":"https:\/\/fcpe-college-sabineweiss.le-pic.org\/wp-content\/uploads\/2023\/10\/IMG-4900.jpg","datePublished":"2023-10-06T19:07:56+00:00","breadcrumb":{"@id":"https:\/\/fcpe-college-sabineweiss.le-pic.org\/index.php\/2023\/10\/06\/retour-sur-le-challenge-ayav-de-juin-2023\/#breadcrumb"},"inLanguage":"fr-FR","potentialAction":[{"@type":"ReadAction","target":["https:\/\/fcpe-college-sabineweiss.le-pic.org\/index.php\/2023\/10\/06\/retour-sur-le-challenge-ayav-de-juin-2023\/"]}]},{"@type":"ImageObject","inLanguage":"fr-FR","@id":"https:\/\/fcpe-college-sabineweiss.le-pic.org\/index.php\/2023\/10\/06\/retour-sur-le-challenge-ayav-de-juin-2023\/#primaryimage","url":"https:\/\/fcpe-college-sabineweiss.le-pic.org\/wp-content\/uploads\/2023\/10\/IMG-4900.jpg","contentUrl":"https:\/\/fcpe-college-sabineweiss.le-pic.org\/wp-content\/uploads\/2023\/10\/IMG-4900.jpg","width":1080,"height":1920},{"@type":"BreadcrumbList","@id":"https:\/\/fcpe-college-sabineweiss.le-pic.org\/index.php\/2023\/10\/06\/retour-sur-le-challenge-ayav-de-juin-2023\/#breadcrumb","itemListElement":[{"@type":"ListItem","position":1,"name":"Accueil","item":"https:\/\/fcpe-college-sabineweiss.le-pic.org\/"},{"@type":"ListItem","position":2,"name":"Retour sur le challenge AYAV de juin 2023"}]},{"@type":"WebSite","@id":"https:\/\/fcpe-college-sabineweiss.le-pic.org\/#website","url":"https:\/\/fcpe-college-sabineweiss.le-pic.org\/","name":"FCPE Coll\u00e8ge Sabine Weiss Toulouse","description":"Agir, informer et repr\u00e9senter les parents d&#039;\u00e9l\u00e8ves du coll\u00e8ge Sabine Weiss de Toulouse (ex-Guilhermy)","publisher":{"@id":"https:\/\/fcpe-college-sabineweiss.le-pic.org\/#organization"},"potentialAction":[{"@type":"SearchAction","target":{"@type":"EntryPoint","urlTemplate":"https:\/\/fcpe-college-sabineweiss.le-pic.org\/?s={search_term_string}"},"query-input":{"@type":"PropertyValueSpecification","valueRequired":true,"valueName":"search_term_string"}}],"inLanguage":"fr-FR"},{"@type":"Organization","@id":"https:\/\/fcpe-college-sabineweiss.le-pic.org\/#organization","name":"FCPE Coll\u00e8ge Sabine Weiss Toulouse","url":"https:\/\/fcpe-college-sabineweiss.le-pic.org\/","logo":{"@type":"ImageObject","inLanguage":"fr-FR","@id":"https:\/\/fcpe-college-sabineweiss.le-pic.org\/#\/schema\/logo\/image\/","url":"https:\/\/fcpe-college-sabineweiss.le-pic.org\/wp-content\/uploads\/2022\/10\/College.png","contentUrl":"https:\/\/fcpe-college-sabineweiss.le-pic.org\/wp-content\/uploads\/2022\/10\/College.png","width":500,"height":500,"caption":"FCPE Coll\u00e8ge Sabine Weiss Toulouse"},"image":{"@id":"https:\/\/fcpe-college-sabineweiss.le-pic.org\/#\/schema\/logo\/image\/"},"sameAs":["https:\/\/www.facebook.com\/groups\/collegeguilhermy"]},{"@type":"Person","@id":"https:\/\/fcpe-college-sabineweiss.le-pic.org\/#\/schema\/person\/df816da733fe0f1db108002ccda92e5f","name":"FCPE Coll\u00e8ge Sabine Weiss","image":{"@type":"ImageObject","inLanguage":"fr-FR","@id":"https:\/\/secure.gravatar.com\/avatar\/3258d0ff520da9e1df24c65b831bae9efb763c049e20b7f4b21a885604b77515?s=96&d=mm&r=g","url":"https:\/\/secure.gravatar.com\/avatar\/3258d0ff520da9e1df24c65b831bae9efb763c049e20b7f4b21a885604b77515?s=96&d=mm&r=g","contentUrl":"https:\/\/secure.gravatar.com\/avatar\/3258d0ff520da9e1df24c65b831bae9efb763c049e20b7f4b21a885604b77515?s=96&d=mm&r=g","caption":"FCPE Coll\u00e8ge Sabine Weiss"},"url":"https:\/\/fcpe-college-sabineweiss.le-pic.org\/index.php\/author\/parentscollegeguilhermy\/"}]}},"_links":{"self":[{"href":"https:\/\/fcpe-college-sabineweiss.le-pic.org\/index.php\/wp-json\/wp\/v2\/posts\/1082","targetHints":{"allow":["GET"]}}],"collection":[{"href":"https:\/\/fcpe-college-sabineweiss.le-pic.org\/index.php\/wp-json\/wp\/v2\/posts"}],"about":[{"href":"https:\/\/fcpe-college-sabineweiss.le-pic.org\/index.php\/wp-json\/wp\/v2\/types\/post"}],"author":[{"embeddable":true,"href":"https:\/\/fcpe-college-sabineweiss.le-pic.org\/index.php\/wp-json\/wp\/v2\/users\/2"}],"replies":[{"embeddable":true,"href":"https:\/\/fcpe-college-sabineweiss.le-pic.org\/index.php\/wp-json\/wp\/v2\/comments?post=1082"}],"version-history":[{"count":8,"href":"https:\/\/fcpe-college-sabineweiss.le-pic.org\/index.php\/wp-json\/wp\/v2\/posts\/1082\/revisions"}],"predecessor-version":[{"id":1102,"href":"https:\/\/fcpe-college-sabineweiss.le-pic.org\/index.php\/wp-json\/wp\/v2\/posts\/1082\/revisions\/1102"}],"wp:featuredmedia":[{"embeddable":true,"href":"https:\/\/fcpe-college-sabineweiss.le-pic.org\/index.php\/wp-json\/wp\/v2\/media\/1086"}],"wp:attachment":[{"href":"https:\/\/fcpe-college-sabineweiss.le-pic.org\/index.php\/wp-json\/wp\/v2\/media?parent=1082"}],"wp:term":[{"taxonomy":"category","embeddable":true,"href":"https:\/\/fcpe-college-sabineweiss.le-pic.org\/index.php\/wp-json\/wp\/v2\/categories?post=1082"},{"taxonomy":"post_tag","embeddable":true,"href":"https:\/\/fcpe-college-sabineweiss.le-pic.org\/index.php\/wp-json\/wp\/v2\/tags?post=1082"}],"curies":[{"name":"wp","href":"https:\/\/api.w.org\/{rel}","templated":true}]}}